{"id":953,"date":"2022-09-05T11:23:05","date_gmt":"2022-09-05T08:23:05","guid":{"rendered":"https:\/\/jarviradio.fi\/tv\/?p=953"},"modified":"2022-09-05T11:23:07","modified_gmt":"2022-09-05T08:23:07","slug":"riitta-alapiha-kauhajoen-ruokamessujen-messupaallikko-2022","status":"publish","type":"post","link":"https:\/\/jarviradio.fi\/tv\/riitta-alapiha-kauhajoen-ruokamessujen-messupaallikko-2022\/","title":{"rendered":"Riitta Alapiha Kauhajoen Ruokamessujen messup\u00e4\u00e4llikk\u00f6 2022"},"content":{"rendered":"\n<p>Kauhajoen ruokamessut t\u00e4ytti 30 vuotta ja on Kauhajoella H\u00e4mes-Havusen talonpoikaiskartanossa vuosittain pidett\u00e4v\u00e4 tapahtuma, johon kokoontuu noin 12 000 ihmist\u00e4 maistelemaan ja ostamaan eri puolilta Suomea saapuneiden n\u00e4ytteilleasettajien tuotteita. Messujen j\u00e4rjest\u00e4misajankohdaksi on vakiintunut syyskuun ensimm\u00e4inen viikonvaihde. Ruokamessuja on Kauhajoella j\u00e4rjestetty vuodesta 1991 l\u00e4htien.<\/p>\n\n\n\n<figure class=\"wp-block-embed is-type-video is-provider-vimeo wp-block-embed-vimeo wp-embed-aspect-16-9 wp-has-aspect-ratio\"><div class=\"wp-block-embed__wrapper\">\n<iframe loading=\"lazy\" title=\"Riitta Alapiha Kauhajoen Ruokamessujen messup&amp;auml;&amp;auml;llikk&amp;ouml; 2022\" src=\"https:\/\/player.vimeo.com\/video\/746451791?h=635c74936e&amp;dnt=1&amp;app_id=122963\" width=\"1110\" height=\"624\" frameborder=\"0\" allow=\"autoplay; fullscreen; picture-in-picture\" allowfullscreen><\/iframe>\n<\/div><\/figure>\n","protected":false},"excerpt":{"rendered":"<p>Kauhajoen ruokamessut t\u00e4ytti 30 vuotta ja on Kauhajoella H\u00e4mes-Havusen talonpoikaiskartanossa vuosittain pidett\u00e4v\u00e4 tapahtuma, johon kokoontuu noin 12 000 ihmist\u00e4 maistelemaan ja ostamaan eri puolilta Suomea saapuneiden n\u00e4ytteilleasettajien tuotteita. Messujen j\u00e4rjest\u00e4misajankohdaksi&hellip; <\/p>\n","protected":false},"author":2,"featured_media":954,"comment_status":"closed","ping_status":"closed","sticky":false,"template":"","format":"standard","meta":{"footnotes":""},"categories":[57],"tags":[],"class_list":["post-953","post","type-post","status-publish","format-standard","has-post-thumbnail","hentry","category-tapahtumat"],"yoast_head":"<!-- This site is optimized with the Yoast SEO plugin v26.4 - https:\/\/yoast.com\/wordpress\/plugins\/seo\/ -->\n<title>Riitta Alapiha Kauhajoen Ruokamessujen messup\u00e4\u00e4llikk\u00f6 2022 - JRTV J\u00e4rviradio<\/title>\n<meta name=\"robots\" content=\"index, follow, max-snippet:-1, max-image-preview:large, max-video-preview:-1\" \/>\n<link rel=\"canonical\" href=\"https:\/\/jarviradio.fi\/tv\/riitta-alapiha-kauhajoen-ruokamessujen-messupaallikko-2022\/\" \/>\n<meta property=\"og:locale\" content=\"fi_FI\" \/>\n<meta property=\"og:type\" content=\"article\" \/>\n<meta property=\"og:title\" content=\"Riitta Alapiha Kauhajoen Ruokamessujen messup\u00e4\u00e4llikk\u00f6 2022 - JRTV J\u00e4rviradio\" \/>\n<meta property=\"og:description\" content=\"Kauhajoen ruokamessut t\u00e4ytti 30 vuotta ja on Kauhajoella H\u00e4mes-Havusen talonpoikaiskartanossa vuosittain pidett\u00e4v\u00e4 tapahtuma, johon kokoontuu noin 12 000 ihmist\u00e4 maistelemaan ja ostamaan eri puolilta Suomea saapuneiden n\u00e4ytteilleasettajien tuotteita. Messujen j\u00e4rjest\u00e4misajankohdaksi&hellip;\" \/>\n<meta property=\"og:url\" content=\"https:\/\/jarviradio.fi\/tv\/riitta-alapiha-kauhajoen-ruokamessujen-messupaallikko-2022\/\" \/>\n<meta property=\"og:site_name\" content=\"JRTV J\u00e4rviradio\" \/>\n<meta property=\"article:published_time\" content=\"2022-09-05T08:23:05+00:00\" \/>\n<meta property=\"article:modified_time\" content=\"2022-09-05T08:23:07+00:00\" \/>\n<meta property=\"og:image\" content=\"https:\/\/jarviradio.fi\/tv\/wp-content\/uploads\/2022\/09\/messuaaallikko-ruokamessut-2022.jpg\" \/>\n\t<meta property=\"og:image:width\" content=\"1920\" \/>\n\t<meta property=\"og:image:height\" content=\"1056\" \/>\n\t<meta property=\"og:image:type\" content=\"image\/jpeg\" \/>\n<meta name=\"author\" content=\"JRTV team\" \/>\n<meta name=\"twitter:card\" content=\"summary_large_image\" \/>\n<meta name=\"twitter:label1\" content=\"Kirjoittanut\" \/>\n\t<meta name=\"twitter:data1\" content=\"JRTV team\" \/>\n\t<meta name=\"twitter:label2\" content=\"Arvioitu lukuaika\" \/>\n\t<meta name=\"twitter:data2\" content=\"1 minuutti\" \/>\n<script type=\"application\/ld+json\" class=\"yoast-schema-graph\">{\"@context\":\"https:\/\/schema.org\",\"@graph\":[{\"@type\":\"Article\",\"@id\":\"https:\/\/jarviradio.fi\/tv\/riitta-alapiha-kauhajoen-ruokamessujen-messupaallikko-2022\/#article\",\"isPartOf\":{\"@id\":\"https:\/\/jarviradio.fi\/tv\/riitta-alapiha-kauhajoen-ruokamessujen-messupaallikko-2022\/\"},\"author\":{\"name\":\"JRTV team\",\"@id\":\"https:\/\/jarviradio.fi\/tv\/#\/schema\/person\/6d4d4d247967b2ba0414e7b6cdc80823\"},\"headline\":\"Riitta Alapiha Kauhajoen Ruokamessujen messup\u00e4\u00e4llikk\u00f6 2022\",\"datePublished\":\"2022-09-05T08:23:05+00:00\",\"dateModified\":\"2022-09-05T08:23:07+00:00\",\"mainEntityOfPage\":{\"@id\":\"https:\/\/jarviradio.fi\/tv\/riitta-alapiha-kauhajoen-ruokamessujen-messupaallikko-2022\/\"},\"wordCount\":56,\"publisher\":{\"@id\":\"https:\/\/jarviradio.fi\/tv\/#organization\"},\"image\":{\"@id\":\"https:\/\/jarviradio.fi\/tv\/riitta-alapiha-kauhajoen-ruokamessujen-messupaallikko-2022\/#primaryimage\"},\"thumbnailUrl\":\"https:\/\/jarviradio.fi\/tv\/wp-content\/uploads\/2022\/09\/messuaaallikko-ruokamessut-2022.jpg\",\"articleSection\":[\"Tapahtumat\"],\"inLanguage\":\"fi\"},{\"@type\":\"WebPage\",\"@id\":\"https:\/\/jarviradio.fi\/tv\/riitta-alapiha-kauhajoen-ruokamessujen-messupaallikko-2022\/\",\"url\":\"https:\/\/jarviradio.fi\/tv\/riitta-alapiha-kauhajoen-ruokamessujen-messupaallikko-2022\/\",\"name\":\"Riitta Alapiha Kauhajoen Ruokamessujen messup\u00e4\u00e4llikk\u00f6 2022 - JRTV J\u00e4rviradio\",\"isPartOf\":{\"@id\":\"https:\/\/jarviradio.fi\/tv\/#website\"},\"primaryImageOfPage\":{\"@id\":\"https:\/\/jarviradio.fi\/tv\/riitta-alapiha-kauhajoen-ruokamessujen-messupaallikko-2022\/#primaryimage\"},\"image\":{\"@id\":\"https:\/\/jarviradio.fi\/tv\/riitta-alapiha-kauhajoen-ruokamessujen-messupaallikko-2022\/#primaryimage\"},\"thumbnailUrl\":\"https:\/\/jarviradio.fi\/tv\/wp-content\/uploads\/2022\/09\/messuaaallikko-ruokamessut-2022.jpg\",\"datePublished\":\"2022-09-05T08:23:05+00:00\",\"dateModified\":\"2022-09-05T08:23:07+00:00\",\"breadcrumb\":{\"@id\":\"https:\/\/jarviradio.fi\/tv\/riitta-alapiha-kauhajoen-ruokamessujen-messupaallikko-2022\/#breadcrumb\"},\"inLanguage\":\"fi\",\"potentialAction\":[{\"@type\":\"ReadAction\",\"target\":[\"https:\/\/jarviradio.fi\/tv\/riitta-alapiha-kauhajoen-ruokamessujen-messupaallikko-2022\/\"]}]},{\"@type\":\"ImageObject\",\"inLanguage\":\"fi\",\"@id\":\"https:\/\/jarviradio.fi\/tv\/riitta-alapiha-kauhajoen-ruokamessujen-messupaallikko-2022\/#primaryimage\",\"url\":\"https:\/\/jarviradio.fi\/tv\/wp-content\/uploads\/2022\/09\/messuaaallikko-ruokamessut-2022.jpg\",\"contentUrl\":\"https:\/\/jarviradio.fi\/tv\/wp-content\/uploads\/2022\/09\/messuaaallikko-ruokamessut-2022.jpg\",\"width\":1920,\"height\":1056},{\"@type\":\"BreadcrumbList\",\"@id\":\"https:\/\/jarviradio.fi\/tv\/riitta-alapiha-kauhajoen-ruokamessujen-messupaallikko-2022\/#breadcrumb\",\"itemListElement\":[{\"@type\":\"ListItem\",\"position\":1,\"name\":\"Etusivu\",\"item\":\"https:\/\/jarviradio.fi\/tv\/\"},{\"@type\":\"ListItem\",\"position\":2,\"name\":\"Riitta Alapiha Kauhajoen Ruokamessujen messup\u00e4\u00e4llikk\u00f6 2022\"}]},{\"@type\":\"WebSite\",\"@id\":\"https:\/\/jarviradio.fi\/tv\/#website\",\"url\":\"https:\/\/jarviradio.fi\/tv\/\",\"name\":\"JRTV J\u00e4rviradio\",\"description\":\"Persoonallisin radiokanava J\u00e4rviradio, valtaa alaa TV l\u00e4hetyksiss\u00e4\",\"publisher\":{\"@id\":\"https:\/\/jarviradio.fi\/tv\/#organization\"},\"potentialAction\":[{\"@type\":\"SearchAction\",\"target\":{\"@type\":\"EntryPoint\",\"urlTemplate\":\"https:\/\/jarviradio.fi\/tv\/?s={search_term_string}\"},\"query-input\":{\"@type\":\"PropertyValueSpecification\",\"valueRequired\":true,\"valueName\":\"search_term_string\"}}],\"inLanguage\":\"fi\"},{\"@type\":\"Organization\",\"@id\":\"https:\/\/jarviradio.fi\/tv\/#organization\",\"name\":\"JRTV J\u00e4rviradio\",\"url\":\"https:\/\/jarviradio.fi\/tv\/\",\"logo\":{\"@type\":\"ImageObject\",\"inLanguage\":\"fi\",\"@id\":\"https:\/\/jarviradio.fi\/tv\/#\/schema\/logo\/image\/\",\"url\":\"https:\/\/jarviradio.fi\/tv\/wp-content\/uploads\/2022\/01\/cropped-jrtv_nettisivulogo.png\",\"contentUrl\":\"https:\/\/jarviradio.fi\/tv\/wp-content\/uploads\/2022\/01\/cropped-jrtv_nettisivulogo.png\",\"width\":389,\"height\":51,\"caption\":\"JRTV J\u00e4rviradio\"},\"image\":{\"@id\":\"https:\/\/jarviradio.fi\/tv\/#\/schema\/logo\/image\/\"}},{\"@type\":\"Person\",\"@id\":\"https:\/\/jarviradio.fi\/tv\/#\/schema\/person\/6d4d4d247967b2ba0414e7b6cdc80823\",\"name\":\"JRTV team\",\"image\":{\"@type\":\"ImageObject\",\"inLanguage\":\"fi\",\"@id\":\"https:\/\/jarviradio.fi\/tv\/#\/schema\/person\/image\/\",\"url\":\"https:\/\/secure.gravatar.com\/avatar\/5e0074d2cd56116d60c7f8b0f513b4b120163421cbefa875ac59e50be4e90b86?s=96&d=mm&r=g\",\"contentUrl\":\"https:\/\/secure.gravatar.com\/avatar\/5e0074d2cd56116d60c7f8b0f513b4b120163421cbefa875ac59e50be4e90b86?s=96&d=mm&r=g\",\"caption\":\"JRTV team\"},\"url\":\"https:\/\/jarviradio.fi\/tv\/author\/aarno\/\"}]}<\/script>\n<!-- \/ Yoast SEO plugin. -->","yoast_head_json":{"title":"Riitta Alapiha Kauhajoen Ruokamessujen messup\u00e4\u00e4llikk\u00f6 2022 - JRTV J\u00e4rviradio","robots":{"index":"index","follow":"follow","max-snippet":"max-snippet:-1","max-image-preview":"max-image-preview:large","max-video-preview":"max-video-preview:-1"},"canonical":"https:\/\/jarviradio.fi\/tv\/riitta-alapiha-kauhajoen-ruokamessujen-messupaallikko-2022\/","og_locale":"fi_FI","og_type":"article","og_title":"Riitta Alapiha Kauhajoen Ruokamessujen messup\u00e4\u00e4llikk\u00f6 2022 - JRTV J\u00e4rviradio","og_description":"Kauhajoen ruokamessut t\u00e4ytti 30 vuotta ja on Kauhajoella H\u00e4mes-Havusen talonpoikaiskartanossa vuosittain pidett\u00e4v\u00e4 tapahtuma, johon kokoontuu noin 12 000 ihmist\u00e4 maistelemaan ja ostamaan eri puolilta Suomea saapuneiden n\u00e4ytteilleasettajien tuotteita. Messujen j\u00e4rjest\u00e4misajankohdaksi&hellip;","og_url":"https:\/\/jarviradio.fi\/tv\/riitta-alapiha-kauhajoen-ruokamessujen-messupaallikko-2022\/","og_site_name":"JRTV J\u00e4rviradio","article_published_time":"2022-09-05T08:23:05+00:00","article_modified_time":"2022-09-05T08:23:07+00:00","og_image":[{"width":1920,"height":1056,"url":"https:\/\/jarviradio.fi\/tv\/wp-content\/uploads\/2022\/09\/messuaaallikko-ruokamessut-2022.jpg","type":"image\/jpeg"}],"author":"JRTV team","twitter_card":"summary_large_image","twitter_misc":{"Kirjoittanut":"JRTV team","Arvioitu lukuaika":"1 minuutti"},"schema":{"@context":"https:\/\/schema.org","@graph":[{"@type":"Article","@id":"https:\/\/jarviradio.fi\/tv\/riitta-alapiha-kauhajoen-ruokamessujen-messupaallikko-2022\/#article","isPartOf":{"@id":"https:\/\/jarviradio.fi\/tv\/riitta-alapiha-kauhajoen-ruokamessujen-messupaallikko-2022\/"},"author":{"name":"JRTV team","@id":"https:\/\/jarviradio.fi\/tv\/#\/schema\/person\/6d4d4d247967b2ba0414e7b6cdc80823"},"headline":"Riitta Alapiha Kauhajoen Ruokamessujen messup\u00e4\u00e4llikk\u00f6 2022","datePublished":"2022-09-05T08:23:05+00:00","dateModified":"2022-09-05T08:23:07+00:00","mainEntityOfPage":{"@id":"https:\/\/jarviradio.fi\/tv\/riitta-alapiha-kauhajoen-ruokamessujen-messupaallikko-2022\/"},"wordCount":56,"publisher":{"@id":"https:\/\/jarviradio.fi\/tv\/#organization"},"image":{"@id":"https:\/\/jarviradio.fi\/tv\/riitta-alapiha-kauhajoen-ruokamessujen-messupaallikko-2022\/#primaryimage"},"thumbnailUrl":"https:\/\/jarviradio.fi\/tv\/wp-content\/uploads\/2022\/09\/messuaaallikko-ruokamessut-2022.jpg","articleSection":["Tapahtumat"],"inLanguage":"fi"},{"@type":"WebPage","@id":"https:\/\/jarviradio.fi\/tv\/riitta-alapiha-kauhajoen-ruokamessujen-messupaallikko-2022\/","url":"https:\/\/jarviradio.fi\/tv\/riitta-alapiha-kauhajoen-ruokamessujen-messupaallikko-2022\/","name":"Riitta Alapiha Kauhajoen Ruokamessujen messup\u00e4\u00e4llikk\u00f6 2022 - JRTV J\u00e4rviradio","isPartOf":{"@id":"https:\/\/jarviradio.fi\/tv\/#website"},"primaryImageOfPage":{"@id":"https:\/\/jarviradio.fi\/tv\/riitta-alapiha-kauhajoen-ruokamessujen-messupaallikko-2022\/#primaryimage"},"image":{"@id":"https:\/\/jarviradio.fi\/tv\/riitta-alapiha-kauhajoen-ruokamessujen-messupaallikko-2022\/#primaryimage"},"thumbnailUrl":"https:\/\/jarviradio.fi\/tv\/wp-content\/uploads\/2022\/09\/messuaaallikko-ruokamessut-2022.jpg","datePublished":"2022-09-05T08:23:05+00:00","dateModified":"2022-09-05T08:23:07+00:00","breadcrumb":{"@id":"https:\/\/jarviradio.fi\/tv\/riitta-alapiha-kauhajoen-ruokamessujen-messupaallikko-2022\/#breadcrumb"},"inLanguage":"fi","potentialAction":[{"@type":"ReadAction","target":["https:\/\/jarviradio.fi\/tv\/riitta-alapiha-kauhajoen-ruokamessujen-messupaallikko-2022\/"]}]},{"@type":"ImageObject","inLanguage":"fi","@id":"https:\/\/jarviradio.fi\/tv\/riitta-alapiha-kauhajoen-ruokamessujen-messupaallikko-2022\/#primaryimage","url":"https:\/\/jarviradio.fi\/tv\/wp-content\/uploads\/2022\/09\/messuaaallikko-ruokamessut-2022.jpg","contentUrl":"https:\/\/jarviradio.fi\/tv\/wp-content\/uploads\/2022\/09\/messuaaallikko-ruokamessut-2022.jpg","width":1920,"height":1056},{"@type":"BreadcrumbList","@id":"https:\/\/jarviradio.fi\/tv\/riitta-alapiha-kauhajoen-ruokamessujen-messupaallikko-2022\/#breadcrumb","itemListElement":[{"@type":"ListItem","position":1,"name":"Etusivu","item":"https:\/\/jarviradio.fi\/tv\/"},{"@type":"ListItem","position":2,"name":"Riitta Alapiha Kauhajoen Ruokamessujen messup\u00e4\u00e4llikk\u00f6 2022"}]},{"@type":"WebSite","@id":"https:\/\/jarviradio.fi\/tv\/#website","url":"https:\/\/jarviradio.fi\/tv\/","name":"JRTV J\u00e4rviradio","description":"Persoonallisin radiokanava J\u00e4rviradio, valtaa alaa TV l\u00e4hetyksiss\u00e4","publisher":{"@id":"https:\/\/jarviradio.fi\/tv\/#organization"},"potentialAction":[{"@type":"SearchAction","target":{"@type":"EntryPoint","urlTemplate":"https:\/\/jarviradio.fi\/tv\/?s={search_term_string}"},"query-input":{"@type":"PropertyValueSpecification","valueRequired":true,"valueName":"search_term_string"}}],"inLanguage":"fi"},{"@type":"Organization","@id":"https:\/\/jarviradio.fi\/tv\/#organization","name":"JRTV J\u00e4rviradio","url":"https:\/\/jarviradio.fi\/tv\/","logo":{"@type":"ImageObject","inLanguage":"fi","@id":"https:\/\/jarviradio.fi\/tv\/#\/schema\/logo\/image\/","url":"https:\/\/jarviradio.fi\/tv\/wp-content\/uploads\/2022\/01\/cropped-jrtv_nettisivulogo.png","contentUrl":"https:\/\/jarviradio.fi\/tv\/wp-content\/uploads\/2022\/01\/cropped-jrtv_nettisivulogo.png","width":389,"height":51,"caption":"JRTV J\u00e4rviradio"},"image":{"@id":"https:\/\/jarviradio.fi\/tv\/#\/schema\/logo\/image\/"}},{"@type":"Person","@id":"https:\/\/jarviradio.fi\/tv\/#\/schema\/person\/6d4d4d247967b2ba0414e7b6cdc80823","name":"JRTV team","image":{"@type":"ImageObject","inLanguage":"fi","@id":"https:\/\/jarviradio.fi\/tv\/#\/schema\/person\/image\/","url":"https:\/\/secure.gravatar.com\/avatar\/5e0074d2cd56116d60c7f8b0f513b4b120163421cbefa875ac59e50be4e90b86?s=96&d=mm&r=g","contentUrl":"https:\/\/secure.gravatar.com\/avatar\/5e0074d2cd56116d60c7f8b0f513b4b120163421cbefa875ac59e50be4e90b86?s=96&d=mm&r=g","caption":"JRTV team"},"url":"https:\/\/jarviradio.fi\/tv\/author\/aarno\/"}]}},"_links":{"self":[{"href":"https:\/\/jarviradio.fi\/tv\/wp-json\/wp\/v2\/posts\/953","targetHints":{"allow":["GET"]}}],"collection":[{"href":"https:\/\/jarviradio.fi\/tv\/wp-json\/wp\/v2\/posts"}],"about":[{"href":"https:\/\/jarviradio.fi\/tv\/wp-json\/wp\/v2\/types\/post"}],"author":[{"embeddable":true,"href":"https:\/\/jarviradio.fi\/tv\/wp-json\/wp\/v2\/users\/2"}],"replies":[{"embeddable":true,"href":"https:\/\/jarviradio.fi\/tv\/wp-json\/wp\/v2\/comments?post=953"}],"version-history":[{"count":1,"href":"https:\/\/jarviradio.fi\/tv\/wp-json\/wp\/v2\/posts\/953\/revisions"}],"predecessor-version":[{"id":955,"href":"https:\/\/jarviradio.fi\/tv\/wp-json\/wp\/v2\/posts\/953\/revisions\/955"}],"wp:featuredmedia":[{"embeddable":true,"href":"https:\/\/jarviradio.fi\/tv\/wp-json\/wp\/v2\/media\/954"}],"wp:attachment":[{"href":"https:\/\/jarviradio.fi\/tv\/wp-json\/wp\/v2\/media?parent=953"}],"wp:term":[{"taxonomy":"category","embeddable":true,"href":"https:\/\/jarviradio.fi\/tv\/wp-json\/wp\/v2\/categories?post=953"},{"taxonomy":"post_tag","embeddable":true,"href":"https:\/\/jarviradio.fi\/tv\/wp-json\/wp\/v2\/tags?post=953"}],"curies":[{"name":"wp","href":"https:\/\/api.w.org\/{rel}","templated":true}]}}