{"id":932,"date":"2022-08-08T10:34:10","date_gmt":"2022-08-08T07:34:10","guid":{"rendered":"https:\/\/jarviradio.fi\/tv\/?p=932"},"modified":"2022-08-08T10:39:05","modified_gmt":"2022-08-08T07:39:05","slug":"metsailtamat-6-8-2022-vehkakosken-rantalavalla-matta-vilppulan-kaupungin-pohjaslahden-kylassa","status":"publish","type":"post","link":"https:\/\/jarviradio.fi\/tv\/metsailtamat-6-8-2022-vehkakosken-rantalavalla-matta-vilppulan-kaupungin-pohjaslahden-kylassa\/","title":{"rendered":"Mets\u00e4iltamat 6.8.2022 Vehkakosken rantalavalla M\u00e4tt\u00e4-Vilppulan kaupungin Pohjaslahden kyl\u00e4ss\u00e4"},"content":{"rendered":"\n<p>Mukana mets\u00e4ammattilaisten esittelytelttoja, joissa infon lis\u00e4ksi visaisia kilpailuja taidon ja<br>tiedon saralla.<\/p>\n\n\n\n<figure class=\"wp-block-embed is-type-video is-provider-vimeo wp-block-embed-vimeo wp-embed-aspect-16-9 wp-has-aspect-ratio\"><div class=\"wp-block-embed__wrapper\">\n<iframe loading=\"lazy\" title=\"Pekka Tamminen -Mets&amp;auml;iltamat tapahtumanj&amp;auml;rjest&amp;auml;j&amp;auml; 6.8.2022\" src=\"https:\/\/player.vimeo.com\/video\/737320049?h=01618687d0&amp;dnt=1&amp;app_id=122963\" width=\"1110\" height=\"624\" frameborder=\"0\" allow=\"autoplay; fullscreen; picture-in-picture\" allowfullscreen><\/iframe>\n<\/div><\/figure>\n\n\n\n<figure class=\"wp-block-embed is-type-video is-provider-vimeo wp-block-embed-vimeo wp-embed-aspect-16-9 wp-has-aspect-ratio\"><div class=\"wp-block-embed__wrapper\">\n<iframe loading=\"lazy\" title=\"Metsuri, Veli-Matti R&amp;ouml;ssi - Mets&amp;auml;iltamat Pohjaslahden kyl&amp;auml;ss&amp;auml; 6.8.2022\" src=\"https:\/\/player.vimeo.com\/video\/737331601?h=5d025baee3&amp;dnt=1&amp;app_id=122963\" width=\"1110\" height=\"624\" frameborder=\"0\" allow=\"autoplay; fullscreen; picture-in-picture\" allowfullscreen><\/iframe>\n<\/div><\/figure>\n\n\n\n<figure class=\"wp-block-embed is-type-video is-provider-vimeo wp-block-embed-vimeo wp-embed-aspect-16-9 wp-has-aspect-ratio\"><div class=\"wp-block-embed__wrapper\">\n<iframe loading=\"lazy\" title=\"Haastattelu, UPM Mets&amp;auml; - Mets&amp;auml;iltamat Pohjaslahden kyl&amp;auml;ss&amp;auml; 6.8.2022\" src=\"https:\/\/player.vimeo.com\/video\/737329437?h=b7e73b941e&amp;dnt=1&amp;app_id=122963\" width=\"1110\" height=\"624\" frameborder=\"0\" allow=\"autoplay; fullscreen; picture-in-picture\" allowfullscreen><\/iframe>\n<\/div><\/figure>\n\n\n\n<figure class=\"wp-block-embed is-type-video is-provider-vimeo wp-block-embed-vimeo wp-embed-aspect-16-9 wp-has-aspect-ratio\"><div class=\"wp-block-embed__wrapper\">\n<iframe loading=\"lazy\" title=\"Haastattelu, Stora Enso Mets&amp;auml; - Mets&amp;auml;iltamat Pohjaslahden kyl&amp;auml;ss&amp;auml; 6.8.2022\" src=\"https:\/\/player.vimeo.com\/video\/737333672?h=f0274c29b5&amp;dnt=1&amp;app_id=122963\" width=\"1110\" height=\"624\" frameborder=\"0\" allow=\"autoplay; fullscreen; picture-in-picture\" allowfullscreen><\/iframe>\n<\/div><\/figure>\n\n\n\n<figure class=\"wp-block-embed is-type-video is-provider-vimeo wp-block-embed-vimeo wp-embed-aspect-16-9 wp-has-aspect-ratio\"><div class=\"wp-block-embed__wrapper\">\n<iframe loading=\"lazy\" title=\"Haastattelu, Suomen mets&amp;auml;keskus - Mets&amp;auml;iltamat Pohjaslahden kyl&amp;auml;ss&amp;auml; 6.8.2022\" src=\"https:\/\/player.vimeo.com\/video\/737334725?h=fc0b56da1b&amp;dnt=1&amp;app_id=122963\" width=\"1110\" height=\"624\" frameborder=\"0\" allow=\"autoplay; fullscreen; picture-in-picture\" allowfullscreen><\/iframe>\n<\/div><\/figure>\n\n\n\n<figure class=\"wp-block-embed is-type-video is-provider-vimeo wp-block-embed-vimeo wp-embed-aspect-16-9 wp-has-aspect-ratio\"><div class=\"wp-block-embed__wrapper\">\n<iframe loading=\"lazy\" title=\"SEDU &amp;Auml;ht&amp;auml;ri - Mets&amp;auml;iltamat Pohjaslahden kyl&amp;auml;ss&amp;auml; 6.8.2022\" src=\"https:\/\/player.vimeo.com\/video\/737340260?h=993224a20a&amp;dnt=1&amp;app_id=122963\" width=\"1110\" height=\"624\" frameborder=\"0\" allow=\"autoplay; fullscreen; picture-in-picture\" allowfullscreen><\/iframe>\n<\/div><\/figure>\n\n\n\n<figure class=\"wp-block-embed is-type-video is-provider-vimeo wp-block-embed-vimeo wp-embed-aspect-16-9 wp-has-aspect-ratio\"><div class=\"wp-block-embed__wrapper\">\n<iframe loading=\"lazy\" title=\"Virrat riistanhoitoyhdistys - Mets&amp;auml;iltamat Pohjaslahden kyl&amp;auml;ss&amp;auml; 6.8.2022\" src=\"https:\/\/player.vimeo.com\/video\/737346221?h=dc0828e06b&amp;dnt=1&amp;app_id=122963\" width=\"1110\" height=\"624\" frameborder=\"0\" allow=\"autoplay; fullscreen; picture-in-picture\" allowfullscreen><\/iframe>\n<\/div><\/figure>\n\n\n\n<figure class=\"wp-block-embed is-type-video is-provider-vimeo wp-block-embed-vimeo wp-embed-aspect-16-9 wp-has-aspect-ratio\"><div class=\"wp-block-embed__wrapper\">\n<iframe loading=\"lazy\" title=\"Marko M&amp;auml;ki-Hakola - MTK mets&amp;auml;johtaja - Mets&amp;auml;iltamat Pohjaslahden kyl&amp;auml;ss&amp;auml; 6.8.2022\" src=\"https:\/\/player.vimeo.com\/video\/737348902?h=a10effd2ed&amp;dnt=1&amp;app_id=122963\" width=\"1110\" height=\"624\" frameborder=\"0\" allow=\"autoplay; fullscreen; picture-in-picture\" allowfullscreen><\/iframe>\n<\/div><\/figure>\n\n\n\n<figure class=\"wp-block-embed is-type-video is-provider-vimeo wp-block-embed-vimeo wp-embed-aspect-16-9 wp-has-aspect-ratio\"><div class=\"wp-block-embed__wrapper\">\n<iframe loading=\"lazy\" title=\"Suomen mets&amp;auml;keskus - Mets&amp;auml;iltamat Pohjaslahden kyl&amp;auml;ss&amp;auml; 6.8.2022\" src=\"https:\/\/player.vimeo.com\/video\/737343496?h=9230f44471&amp;dnt=1&amp;app_id=122963\" width=\"1110\" height=\"624\" frameborder=\"0\" allow=\"autoplay; fullscreen; picture-in-picture\" allowfullscreen><\/iframe>\n<\/div><\/figure>\n\n\n\n<figure class=\"wp-block-embed is-type-video is-provider-vimeo wp-block-embed-vimeo wp-embed-aspect-16-9 wp-has-aspect-ratio\"><div class=\"wp-block-embed__wrapper\">\n<iframe loading=\"lazy\" title=\"UPM Mets&amp;auml; - Mets&amp;auml;iltamat Pohjaslahden kyl&amp;auml;ss&amp;auml; 6.8.2022\" src=\"https:\/\/player.vimeo.com\/video\/737351535?h=96d808cb34&amp;dnt=1&amp;app_id=122963\" width=\"1110\" height=\"624\" frameborder=\"0\" allow=\"autoplay; fullscreen; picture-in-picture\" allowfullscreen><\/iframe>\n<\/div><\/figure>\n\n\n\n<figure class=\"wp-block-embed is-type-video is-provider-vimeo wp-block-embed-vimeo wp-embed-aspect-16-9 wp-has-aspect-ratio\"><div class=\"wp-block-embed__wrapper\">\n<iframe loading=\"lazy\" title=\"Mikko Tiirola MTK mets&amp;auml;valtuuskunnan puheenjohtaja - Mets&amp;auml;iltamat 6.8.2022\" src=\"https:\/\/player.vimeo.com\/video\/737440033?h=0f5528c788&amp;dnt=1&amp;app_id=122963\" width=\"1110\" height=\"624\" frameborder=\"0\" allow=\"autoplay; fullscreen; picture-in-picture\" allowfullscreen><\/iframe>\n<\/div><\/figure>\n\n\n\n<figure class=\"wp-block-embed is-type-video is-provider-vimeo wp-block-embed-vimeo wp-embed-aspect-16-9 wp-has-aspect-ratio\"><div class=\"wp-block-embed__wrapper\">\n<iframe loading=\"lazy\" title=\"Koillis-Satakunnan S&amp;auml;hk&amp;ouml; Oy - Mets&amp;auml;iltamat 6.8.2022\" src=\"https:\/\/player.vimeo.com\/video\/737443196?h=cee404a449&amp;dnt=1&amp;app_id=122963\" width=\"1110\" height=\"624\" frameborder=\"0\" allow=\"autoplay; fullscreen; picture-in-picture\" allowfullscreen><\/iframe>\n<\/div><\/figure>\n\n\n\n<figure class=\"wp-block-embed is-type-video is-provider-vimeo wp-block-embed-vimeo wp-embed-aspect-16-9 wp-has-aspect-ratio\"><div class=\"wp-block-embed__wrapper\">\n<iframe loading=\"lazy\" title=\"Mika Aalto - Virtain kaupungin kaavoitus- ja kehtt&amp;auml;misp&amp;auml;&amp;auml;llikk&amp;ouml; - Mets&amp;auml;iltamat 6.8.2022\" src=\"https:\/\/player.vimeo.com\/video\/737446412?h=8c924b9e70&amp;dnt=1&amp;app_id=122963\" width=\"1110\" height=\"624\" frameborder=\"0\" allow=\"autoplay; fullscreen; picture-in-picture\" allowfullscreen><\/iframe>\n<\/div><\/figure>\n\n\n\n<figure class=\"wp-block-embed is-type-video is-provider-vimeo wp-block-embed-vimeo wp-embed-aspect-16-9 wp-has-aspect-ratio\"><div class=\"wp-block-embed__wrapper\">\n<iframe loading=\"lazy\" title=\"Jarkko Oksala toimitusjohtaja Elmonet - Mets&amp;auml;iltamat 6.8.2022\" src=\"https:\/\/player.vimeo.com\/video\/737448934?h=7588dea2d3&amp;dnt=1&amp;app_id=122963\" width=\"1110\" height=\"624\" frameborder=\"0\" allow=\"autoplay; fullscreen; picture-in-picture\" allowfullscreen><\/iframe>\n<\/div><\/figure>\n\n\n\n<figure class=\"wp-block-embed is-type-video is-provider-vimeo wp-block-embed-vimeo wp-embed-aspect-16-9 wp-has-aspect-ratio\"><div class=\"wp-block-embed__wrapper\">\n<iframe loading=\"lazy\" title=\"Arto Pirttilahti kansanedustaja - Mets&amp;auml;iltamat 6.8.2022\" src=\"https:\/\/player.vimeo.com\/video\/737449632?h=09b7d3857c&amp;dnt=1&amp;app_id=122963\" width=\"1110\" height=\"624\" frameborder=\"0\" allow=\"autoplay; fullscreen; picture-in-picture\" allowfullscreen><\/iframe>\n<\/div><\/figure>\n\n\n\n<figure class=\"wp-block-embed is-type-video is-provider-vimeo wp-block-embed-vimeo wp-embed-aspect-16-9 wp-has-aspect-ratio\"><div class=\"wp-block-embed__wrapper\">\n<iframe loading=\"lazy\" title=\"Lea Harsu-Savilahti runon kirjoituskilpailun voittaja. Tuomarina Ky&amp;ouml;sti M&amp;auml;kimattila - Mets&amp;auml;iltamat 6.8.2022\" src=\"https:\/\/player.vimeo.com\/video\/737454370?h=a138b30339&amp;dnt=1&amp;app_id=122963\" width=\"1110\" height=\"624\" frameborder=\"0\" allow=\"autoplay; fullscreen; picture-in-picture\" allowfullscreen><\/iframe>\n<\/div><\/figure>\n\n\n\n<figure class=\"wp-block-embed is-type-video is-provider-vimeo wp-block-embed-vimeo wp-embed-aspect-16-9 wp-has-aspect-ratio\"><div class=\"wp-block-embed__wrapper\">\n<iframe loading=\"lazy\" title=\"Yhteislaulu ja loppupuheet - Mets&amp;auml;iltamat Pohjaslahden kyl&amp;auml;ss&amp;auml; 6.8.2022\" src=\"https:\/\/player.vimeo.com\/video\/737457319?h=d43736d6b8&amp;dnt=1&amp;app_id=122963\" width=\"1110\" height=\"624\" frameborder=\"0\" allow=\"autoplay; fullscreen; picture-in-picture\" allowfullscreen><\/iframe>\n<\/div><\/figure>\n","protected":false},"excerpt":{"rendered":"<p>Mukana mets\u00e4ammattilaisten esittelytelttoja, joissa infon lis\u00e4ksi visaisia kilpailuja taidon jatiedon saralla.<\/p>\n","protected":false},"author":2,"featured_media":934,"comment_status":"closed","ping_status":"closed","sticky":false,"template":"","format":"standard","meta":{"footnotes":""},"categories":[57],"tags":[],"class_list":["post-932","post","type-post","status-publish","format-standard","has-post-thumbnail","hentry","category-tapahtumat"],"yoast_head":"<!-- This site is optimized with the Yoast SEO plugin v26.4 - https:\/\/yoast.com\/wordpress\/plugins\/seo\/ -->\n<title>Mets\u00e4iltamat 6.8.2022 Vehkakosken rantalavalla M\u00e4tt\u00e4-Vilppulan kaupungin Pohjaslahden kyl\u00e4ss\u00e4 - JRTV J\u00e4rviradio<\/title>\n<meta name=\"robots\" content=\"index, follow, max-snippet:-1, max-image-preview:large, max-video-preview:-1\" \/>\n<link rel=\"canonical\" href=\"https:\/\/jarviradio.fi\/tv\/metsailtamat-6-8-2022-vehkakosken-rantalavalla-matta-vilppulan-kaupungin-pohjaslahden-kylassa\/\" \/>\n<meta property=\"og:locale\" content=\"fi_FI\" \/>\n<meta property=\"og:type\" content=\"article\" \/>\n<meta property=\"og:title\" content=\"Mets\u00e4iltamat 6.8.2022 Vehkakosken rantalavalla M\u00e4tt\u00e4-Vilppulan kaupungin Pohjaslahden kyl\u00e4ss\u00e4 - JRTV J\u00e4rviradio\" \/>\n<meta property=\"og:description\" content=\"Mukana mets\u00e4ammattilaisten esittelytelttoja, joissa infon lis\u00e4ksi visaisia kilpailuja taidon jatiedon saralla.\" \/>\n<meta property=\"og:url\" content=\"https:\/\/jarviradio.fi\/tv\/metsailtamat-6-8-2022-vehkakosken-rantalavalla-matta-vilppulan-kaupungin-pohjaslahden-kylassa\/\" \/>\n<meta property=\"og:site_name\" content=\"JRTV J\u00e4rviradio\" \/>\n<meta property=\"article:published_time\" content=\"2022-08-08T07:34:10+00:00\" \/>\n<meta property=\"article:modified_time\" content=\"2022-08-08T07:39:05+00:00\" \/>\n<meta property=\"og:image\" content=\"https:\/\/jarviradio.fi\/tv\/wp-content\/uploads\/2022\/08\/metsailtamat06082022.jpg\" \/>\n\t<meta property=\"og:image:width\" content=\"1280\" \/>\n\t<meta property=\"og:image:height\" content=\"720\" \/>\n\t<meta property=\"og:image:type\" content=\"image\/jpeg\" \/>\n<meta name=\"author\" content=\"JRTV team\" \/>\n<meta name=\"twitter:card\" content=\"summary_large_image\" \/>\n<meta name=\"twitter:label1\" content=\"Kirjoittanut\" \/>\n\t<meta name=\"twitter:data1\" content=\"JRTV team\" \/>\n\t<meta name=\"twitter:label2\" content=\"Arvioitu lukuaika\" \/>\n\t<meta name=\"twitter:data2\" content=\"1 minuutti\" \/>\n<script type=\"application\/ld+json\" class=\"yoast-schema-graph\">{\"@context\":\"https:\/\/schema.org\",\"@graph\":[{\"@type\":\"Article\",\"@id\":\"https:\/\/jarviradio.fi\/tv\/metsailtamat-6-8-2022-vehkakosken-rantalavalla-matta-vilppulan-kaupungin-pohjaslahden-kylassa\/#article\",\"isPartOf\":{\"@id\":\"https:\/\/jarviradio.fi\/tv\/metsailtamat-6-8-2022-vehkakosken-rantalavalla-matta-vilppulan-kaupungin-pohjaslahden-kylassa\/\"},\"author\":{\"name\":\"JRTV team\",\"@id\":\"https:\/\/jarviradio.fi\/tv\/#\/schema\/person\/6d4d4d247967b2ba0414e7b6cdc80823\"},\"headline\":\"Mets\u00e4iltamat 6.8.2022 Vehkakosken rantalavalla M\u00e4tt\u00e4-Vilppulan kaupungin Pohjaslahden kyl\u00e4ss\u00e4\",\"datePublished\":\"2022-08-08T07:34:10+00:00\",\"dateModified\":\"2022-08-08T07:39:05+00:00\",\"mainEntityOfPage\":{\"@id\":\"https:\/\/jarviradio.fi\/tv\/metsailtamat-6-8-2022-vehkakosken-rantalavalla-matta-vilppulan-kaupungin-pohjaslahden-kylassa\/\"},\"wordCount\":75,\"publisher\":{\"@id\":\"https:\/\/jarviradio.fi\/tv\/#organization\"},\"image\":{\"@id\":\"https:\/\/jarviradio.fi\/tv\/metsailtamat-6-8-2022-vehkakosken-rantalavalla-matta-vilppulan-kaupungin-pohjaslahden-kylassa\/#primaryimage\"},\"thumbnailUrl\":\"https:\/\/jarviradio.fi\/tv\/wp-content\/uploads\/2022\/08\/metsailtamat06082022.jpg\",\"articleSection\":[\"Tapahtumat\"],\"inLanguage\":\"fi\"},{\"@type\":\"WebPage\",\"@id\":\"https:\/\/jarviradio.fi\/tv\/metsailtamat-6-8-2022-vehkakosken-rantalavalla-matta-vilppulan-kaupungin-pohjaslahden-kylassa\/\",\"url\":\"https:\/\/jarviradio.fi\/tv\/metsailtamat-6-8-2022-vehkakosken-rantalavalla-matta-vilppulan-kaupungin-pohjaslahden-kylassa\/\",\"name\":\"Mets\u00e4iltamat 6.8.2022 Vehkakosken rantalavalla M\u00e4tt\u00e4-Vilppulan kaupungin Pohjaslahden kyl\u00e4ss\u00e4 - JRTV J\u00e4rviradio\",\"isPartOf\":{\"@id\":\"https:\/\/jarviradio.fi\/tv\/#website\"},\"primaryImageOfPage\":{\"@id\":\"https:\/\/jarviradio.fi\/tv\/metsailtamat-6-8-2022-vehkakosken-rantalavalla-matta-vilppulan-kaupungin-pohjaslahden-kylassa\/#primaryimage\"},\"image\":{\"@id\":\"https:\/\/jarviradio.fi\/tv\/metsailtamat-6-8-2022-vehkakosken-rantalavalla-matta-vilppulan-kaupungin-pohjaslahden-kylassa\/#primaryimage\"},\"thumbnailUrl\":\"https:\/\/jarviradio.fi\/tv\/wp-content\/uploads\/2022\/08\/metsailtamat06082022.jpg\",\"datePublished\":\"2022-08-08T07:34:10+00:00\",\"dateModified\":\"2022-08-08T07:39:05+00:00\",\"breadcrumb\":{\"@id\":\"https:\/\/jarviradio.fi\/tv\/metsailtamat-6-8-2022-vehkakosken-rantalavalla-matta-vilppulan-kaupungin-pohjaslahden-kylassa\/#breadcrumb\"},\"inLanguage\":\"fi\",\"potentialAction\":[{\"@type\":\"ReadAction\",\"target\":[\"https:\/\/jarviradio.fi\/tv\/metsailtamat-6-8-2022-vehkakosken-rantalavalla-matta-vilppulan-kaupungin-pohjaslahden-kylassa\/\"]}]},{\"@type\":\"ImageObject\",\"inLanguage\":\"fi\",\"@id\":\"https:\/\/jarviradio.fi\/tv\/metsailtamat-6-8-2022-vehkakosken-rantalavalla-matta-vilppulan-kaupungin-pohjaslahden-kylassa\/#primaryimage\",\"url\":\"https:\/\/jarviradio.fi\/tv\/wp-content\/uploads\/2022\/08\/metsailtamat06082022.jpg\",\"contentUrl\":\"https:\/\/jarviradio.fi\/tv\/wp-content\/uploads\/2022\/08\/metsailtamat06082022.jpg\",\"width\":1280,\"height\":720},{\"@type\":\"BreadcrumbList\",\"@id\":\"https:\/\/jarviradio.fi\/tv\/metsailtamat-6-8-2022-vehkakosken-rantalavalla-matta-vilppulan-kaupungin-pohjaslahden-kylassa\/#breadcrumb\",\"itemListElement\":[{\"@type\":\"ListItem\",\"position\":1,\"name\":\"Etusivu\",\"item\":\"https:\/\/jarviradio.fi\/tv\/\"},{\"@type\":\"ListItem\",\"position\":2,\"name\":\"Mets\u00e4iltamat 6.8.2022 Vehkakosken rantalavalla M\u00e4tt\u00e4-Vilppulan kaupungin Pohjaslahden kyl\u00e4ss\u00e4\"}]},{\"@type\":\"WebSite\",\"@id\":\"https:\/\/jarviradio.fi\/tv\/#website\",\"url\":\"https:\/\/jarviradio.fi\/tv\/\",\"name\":\"JRTV J\u00e4rviradio\",\"description\":\"Persoonallisin radiokanava J\u00e4rviradio, valtaa alaa TV l\u00e4hetyksiss\u00e4\",\"publisher\":{\"@id\":\"https:\/\/jarviradio.fi\/tv\/#organization\"},\"potentialAction\":[{\"@type\":\"SearchAction\",\"target\":{\"@type\":\"EntryPoint\",\"urlTemplate\":\"https:\/\/jarviradio.fi\/tv\/?s={search_term_string}\"},\"query-input\":{\"@type\":\"PropertyValueSpecification\",\"valueRequired\":true,\"valueName\":\"search_term_string\"}}],\"inLanguage\":\"fi\"},{\"@type\":\"Organization\",\"@id\":\"https:\/\/jarviradio.fi\/tv\/#organization\",\"name\":\"JRTV J\u00e4rviradio\",\"url\":\"https:\/\/jarviradio.fi\/tv\/\",\"logo\":{\"@type\":\"ImageObject\",\"inLanguage\":\"fi\",\"@id\":\"https:\/\/jarviradio.fi\/tv\/#\/schema\/logo\/image\/\",\"url\":\"https:\/\/jarviradio.fi\/tv\/wp-content\/uploads\/2022\/01\/cropped-jrtv_nettisivulogo.png\",\"contentUrl\":\"https:\/\/jarviradio.fi\/tv\/wp-content\/uploads\/2022\/01\/cropped-jrtv_nettisivulogo.png\",\"width\":389,\"height\":51,\"caption\":\"JRTV J\u00e4rviradio\"},\"image\":{\"@id\":\"https:\/\/jarviradio.fi\/tv\/#\/schema\/logo\/image\/\"}},{\"@type\":\"Person\",\"@id\":\"https:\/\/jarviradio.fi\/tv\/#\/schema\/person\/6d4d4d247967b2ba0414e7b6cdc80823\",\"name\":\"JRTV team\",\"image\":{\"@type\":\"ImageObject\",\"inLanguage\":\"fi\",\"@id\":\"https:\/\/jarviradio.fi\/tv\/#\/schema\/person\/image\/\",\"url\":\"https:\/\/secure.gravatar.com\/avatar\/5e0074d2cd56116d60c7f8b0f513b4b120163421cbefa875ac59e50be4e90b86?s=96&d=mm&r=g\",\"contentUrl\":\"https:\/\/secure.gravatar.com\/avatar\/5e0074d2cd56116d60c7f8b0f513b4b120163421cbefa875ac59e50be4e90b86?s=96&d=mm&r=g\",\"caption\":\"JRTV team\"},\"url\":\"https:\/\/jarviradio.fi\/tv\/author\/aarno\/\"}]}<\/script>\n<!-- \/ Yoast SEO plugin. -->","yoast_head_json":{"title":"Mets\u00e4iltamat 6.8.2022 Vehkakosken rantalavalla M\u00e4tt\u00e4-Vilppulan kaupungin Pohjaslahden kyl\u00e4ss\u00e4 - JRTV J\u00e4rviradio","robots":{"index":"index","follow":"follow","max-snippet":"max-snippet:-1","max-image-preview":"max-image-preview:large","max-video-preview":"max-video-preview:-1"},"canonical":"https:\/\/jarviradio.fi\/tv\/metsailtamat-6-8-2022-vehkakosken-rantalavalla-matta-vilppulan-kaupungin-pohjaslahden-kylassa\/","og_locale":"fi_FI","og_type":"article","og_title":"Mets\u00e4iltamat 6.8.2022 Vehkakosken rantalavalla M\u00e4tt\u00e4-Vilppulan kaupungin Pohjaslahden kyl\u00e4ss\u00e4 - JRTV J\u00e4rviradio","og_description":"Mukana mets\u00e4ammattilaisten esittelytelttoja, joissa infon lis\u00e4ksi visaisia kilpailuja taidon jatiedon saralla.","og_url":"https:\/\/jarviradio.fi\/tv\/metsailtamat-6-8-2022-vehkakosken-rantalavalla-matta-vilppulan-kaupungin-pohjaslahden-kylassa\/","og_site_name":"JRTV J\u00e4rviradio","article_published_time":"2022-08-08T07:34:10+00:00","article_modified_time":"2022-08-08T07:39:05+00:00","og_image":[{"width":1280,"height":720,"url":"https:\/\/jarviradio.fi\/tv\/wp-content\/uploads\/2022\/08\/metsailtamat06082022.jpg","type":"image\/jpeg"}],"author":"JRTV team","twitter_card":"summary_large_image","twitter_misc":{"Kirjoittanut":"JRTV team","Arvioitu lukuaika":"1 minuutti"},"schema":{"@context":"https:\/\/schema.org","@graph":[{"@type":"Article","@id":"https:\/\/jarviradio.fi\/tv\/metsailtamat-6-8-2022-vehkakosken-rantalavalla-matta-vilppulan-kaupungin-pohjaslahden-kylassa\/#article","isPartOf":{"@id":"https:\/\/jarviradio.fi\/tv\/metsailtamat-6-8-2022-vehkakosken-rantalavalla-matta-vilppulan-kaupungin-pohjaslahden-kylassa\/"},"author":{"name":"JRTV team","@id":"https:\/\/jarviradio.fi\/tv\/#\/schema\/person\/6d4d4d247967b2ba0414e7b6cdc80823"},"headline":"Mets\u00e4iltamat 6.8.2022 Vehkakosken rantalavalla M\u00e4tt\u00e4-Vilppulan kaupungin Pohjaslahden kyl\u00e4ss\u00e4","datePublished":"2022-08-08T07:34:10+00:00","dateModified":"2022-08-08T07:39:05+00:00","mainEntityOfPage":{"@id":"https:\/\/jarviradio.fi\/tv\/metsailtamat-6-8-2022-vehkakosken-rantalavalla-matta-vilppulan-kaupungin-pohjaslahden-kylassa\/"},"wordCount":75,"publisher":{"@id":"https:\/\/jarviradio.fi\/tv\/#organization"},"image":{"@id":"https:\/\/jarviradio.fi\/tv\/metsailtamat-6-8-2022-vehkakosken-rantalavalla-matta-vilppulan-kaupungin-pohjaslahden-kylassa\/#primaryimage"},"thumbnailUrl":"https:\/\/jarviradio.fi\/tv\/wp-content\/uploads\/2022\/08\/metsailtamat06082022.jpg","articleSection":["Tapahtumat"],"inLanguage":"fi"},{"@type":"WebPage","@id":"https:\/\/jarviradio.fi\/tv\/metsailtamat-6-8-2022-vehkakosken-rantalavalla-matta-vilppulan-kaupungin-pohjaslahden-kylassa\/","url":"https:\/\/jarviradio.fi\/tv\/metsailtamat-6-8-2022-vehkakosken-rantalavalla-matta-vilppulan-kaupungin-pohjaslahden-kylassa\/","name":"Mets\u00e4iltamat 6.8.2022 Vehkakosken rantalavalla M\u00e4tt\u00e4-Vilppulan kaupungin Pohjaslahden kyl\u00e4ss\u00e4 - JRTV J\u00e4rviradio","isPartOf":{"@id":"https:\/\/jarviradio.fi\/tv\/#website"},"primaryImageOfPage":{"@id":"https:\/\/jarviradio.fi\/tv\/metsailtamat-6-8-2022-vehkakosken-rantalavalla-matta-vilppulan-kaupungin-pohjaslahden-kylassa\/#primaryimage"},"image":{"@id":"https:\/\/jarviradio.fi\/tv\/metsailtamat-6-8-2022-vehkakosken-rantalavalla-matta-vilppulan-kaupungin-pohjaslahden-kylassa\/#primaryimage"},"thumbnailUrl":"https:\/\/jarviradio.fi\/tv\/wp-content\/uploads\/2022\/08\/metsailtamat06082022.jpg","datePublished":"2022-08-08T07:34:10+00:00","dateModified":"2022-08-08T07:39:05+00:00","breadcrumb":{"@id":"https:\/\/jarviradio.fi\/tv\/metsailtamat-6-8-2022-vehkakosken-rantalavalla-matta-vilppulan-kaupungin-pohjaslahden-kylassa\/#breadcrumb"},"inLanguage":"fi","potentialAction":[{"@type":"ReadAction","target":["https:\/\/jarviradio.fi\/tv\/metsailtamat-6-8-2022-vehkakosken-rantalavalla-matta-vilppulan-kaupungin-pohjaslahden-kylassa\/"]}]},{"@type":"ImageObject","inLanguage":"fi","@id":"https:\/\/jarviradio.fi\/tv\/metsailtamat-6-8-2022-vehkakosken-rantalavalla-matta-vilppulan-kaupungin-pohjaslahden-kylassa\/#primaryimage","url":"https:\/\/jarviradio.fi\/tv\/wp-content\/uploads\/2022\/08\/metsailtamat06082022.jpg","contentUrl":"https:\/\/jarviradio.fi\/tv\/wp-content\/uploads\/2022\/08\/metsailtamat06082022.jpg","width":1280,"height":720},{"@type":"BreadcrumbList","@id":"https:\/\/jarviradio.fi\/tv\/metsailtamat-6-8-2022-vehkakosken-rantalavalla-matta-vilppulan-kaupungin-pohjaslahden-kylassa\/#breadcrumb","itemListElement":[{"@type":"ListItem","position":1,"name":"Etusivu","item":"https:\/\/jarviradio.fi\/tv\/"},{"@type":"ListItem","position":2,"name":"Mets\u00e4iltamat 6.8.2022 Vehkakosken rantalavalla M\u00e4tt\u00e4-Vilppulan kaupungin Pohjaslahden kyl\u00e4ss\u00e4"}]},{"@type":"WebSite","@id":"https:\/\/jarviradio.fi\/tv\/#website","url":"https:\/\/jarviradio.fi\/tv\/","name":"JRTV J\u00e4rviradio","description":"Persoonallisin radiokanava J\u00e4rviradio, valtaa alaa TV l\u00e4hetyksiss\u00e4","publisher":{"@id":"https:\/\/jarviradio.fi\/tv\/#organization"},"potentialAction":[{"@type":"SearchAction","target":{"@type":"EntryPoint","urlTemplate":"https:\/\/jarviradio.fi\/tv\/?s={search_term_string}"},"query-input":{"@type":"PropertyValueSpecification","valueRequired":true,"valueName":"search_term_string"}}],"inLanguage":"fi"},{"@type":"Organization","@id":"https:\/\/jarviradio.fi\/tv\/#organization","name":"JRTV J\u00e4rviradio","url":"https:\/\/jarviradio.fi\/tv\/","logo":{"@type":"ImageObject","inLanguage":"fi","@id":"https:\/\/jarviradio.fi\/tv\/#\/schema\/logo\/image\/","url":"https:\/\/jarviradio.fi\/tv\/wp-content\/uploads\/2022\/01\/cropped-jrtv_nettisivulogo.png","contentUrl":"https:\/\/jarviradio.fi\/tv\/wp-content\/uploads\/2022\/01\/cropped-jrtv_nettisivulogo.png","width":389,"height":51,"caption":"JRTV J\u00e4rviradio"},"image":{"@id":"https:\/\/jarviradio.fi\/tv\/#\/schema\/logo\/image\/"}},{"@type":"Person","@id":"https:\/\/jarviradio.fi\/tv\/#\/schema\/person\/6d4d4d247967b2ba0414e7b6cdc80823","name":"JRTV team","image":{"@type":"ImageObject","inLanguage":"fi","@id":"https:\/\/jarviradio.fi\/tv\/#\/schema\/person\/image\/","url":"https:\/\/secure.gravatar.com\/avatar\/5e0074d2cd56116d60c7f8b0f513b4b120163421cbefa875ac59e50be4e90b86?s=96&d=mm&r=g","contentUrl":"https:\/\/secure.gravatar.com\/avatar\/5e0074d2cd56116d60c7f8b0f513b4b120163421cbefa875ac59e50be4e90b86?s=96&d=mm&r=g","caption":"JRTV team"},"url":"https:\/\/jarviradio.fi\/tv\/author\/aarno\/"}]}},"_links":{"self":[{"href":"https:\/\/jarviradio.fi\/tv\/wp-json\/wp\/v2\/posts\/932","targetHints":{"allow":["GET"]}}],"collection":[{"href":"https:\/\/jarviradio.fi\/tv\/wp-json\/wp\/v2\/posts"}],"about":[{"href":"https:\/\/jarviradio.fi\/tv\/wp-json\/wp\/v2\/types\/post"}],"author":[{"embeddable":true,"href":"https:\/\/jarviradio.fi\/tv\/wp-json\/wp\/v2\/users\/2"}],"replies":[{"embeddable":true,"href":"https:\/\/jarviradio.fi\/tv\/wp-json\/wp\/v2\/comments?post=932"}],"version-history":[{"count":1,"href":"https:\/\/jarviradio.fi\/tv\/wp-json\/wp\/v2\/posts\/932\/revisions"}],"predecessor-version":[{"id":933,"href":"https:\/\/jarviradio.fi\/tv\/wp-json\/wp\/v2\/posts\/932\/revisions\/933"}],"wp:featuredmedia":[{"embeddable":true,"href":"https:\/\/jarviradio.fi\/tv\/wp-json\/wp\/v2\/media\/934"}],"wp:attachment":[{"href":"https:\/\/jarviradio.fi\/tv\/wp-json\/wp\/v2\/media?parent=932"}],"wp:term":[{"taxonomy":"category","embeddable":true,"href":"https:\/\/jarviradio.fi\/tv\/wp-json\/wp\/v2\/categories?post=932"},{"taxonomy":"post_tag","embeddable":true,"href":"https:\/\/jarviradio.fi\/tv\/wp-json\/wp\/v2\/tags?post=932"}],"curies":[{"name":"wp","href":"https:\/\/api.w.org\/{rel}","templated":true}]}}