{"id":924,"date":"2022-08-05T12:39:51","date_gmt":"2022-08-05T09:39:51","guid":{"rendered":"https:\/\/jarviradio.fi\/tv\/?p=924"},"modified":"2022-08-05T12:39:53","modified_gmt":"2022-08-05T09:39:53","slug":"nelimarkka-museolla-vieraana-professori-taiteen-tohtori-riitta-nelimarkka","status":"publish","type":"post","link":"https:\/\/jarviradio.fi\/tv\/nelimarkka-museolla-vieraana-professori-taiteen-tohtori-riitta-nelimarkka\/","title":{"rendered":"Nelimarkka-museolla vieraana Professori, taiteen tohtori Riitta Nelimarkka"},"content":{"rendered":"\n<p>Alaj\u00e4rvell\u00e4 sijaitseva Nelimarkka-museo on paljon muutakin kuin eksoottinen valkoisena hohtava rakennus keskell\u00e4 lakeusmaisemaa. Se on suuren unelman toteutuminen ja osoitus siit\u00e4 miten sitke\u00e4 ty\u00f6 kantaa hedelm\u00e4\u00e4. Nelimarkka-museosta on kasvanut t\u00e4rke\u00e4 toimija Suomen kulttuurikartalle, jota ei kannata sivuuttaa matkareittej\u00e4 suunniteltaessa.<\/p>\n\n\n\n<p>Taiteilijatapaaminen: Riitta Nelimarkan taiteilijatapaaminen ker\u00e4si suuren joukon kiinnostuneita Nelimarkka-museolle. <br>Tilaisuudessa Riitta raotti verhoa taiteensa maailmaan mink\u00e4 lis\u00e4ksi kuultiin hienoa flamenco-musiikkia.<\/p>\n\n\n\n<figure class=\"wp-block-embed is-type-video is-provider-vimeo wp-block-embed-vimeo wp-embed-aspect-16-9 wp-has-aspect-ratio\"><div class=\"wp-block-embed__wrapper\">\n<iframe loading=\"lazy\" title=\"VIDEO: Nelimarkka-museolla vieraana Professori, taiteen tohtori Riitta Nelimarkka\" src=\"https:\/\/player.vimeo.com\/video\/736794784?h=41b2534d83&amp;dnt=1&amp;app_id=122963\" width=\"1110\" height=\"624\" frameborder=\"0\" allow=\"autoplay; fullscreen; picture-in-picture\" allowfullscreen><\/iframe>\n<\/div><\/figure>\n","protected":false},"excerpt":{"rendered":"<p>Alaj\u00e4rvell\u00e4 sijaitseva Nelimarkka-museo on paljon muutakin kuin eksoottinen valkoisena hohtava rakennus keskell\u00e4 lakeusmaisemaa. Se on suuren unelman toteutuminen ja osoitus siit\u00e4 miten sitke\u00e4 ty\u00f6 kantaa hedelm\u00e4\u00e4. Nelimarkka-museosta on kasvanut t\u00e4rke\u00e4&hellip; <\/p>\n","protected":false},"author":2,"featured_media":925,"comment_status":"closed","ping_status":"closed","sticky":false,"template":"","format":"standard","meta":{"footnotes":""},"categories":[70],"tags":[],"class_list":["post-924","post","type-post","status-publish","format-standard","has-post-thumbnail","hentry","category-kulttuuri"],"yoast_head":"<!-- This site is optimized with the Yoast SEO plugin v26.4 - https:\/\/yoast.com\/wordpress\/plugins\/seo\/ -->\n<title>Nelimarkka-museolla vieraana Professori, taiteen tohtori Riitta Nelimarkka - JRTV J\u00e4rviradio<\/title>\n<meta name=\"robots\" content=\"index, follow, max-snippet:-1, max-image-preview:large, max-video-preview:-1\" \/>\n<link rel=\"canonical\" href=\"https:\/\/jarviradio.fi\/tv\/nelimarkka-museolla-vieraana-professori-taiteen-tohtori-riitta-nelimarkka\/\" \/>\n<meta property=\"og:locale\" content=\"fi_FI\" \/>\n<meta property=\"og:type\" content=\"article\" \/>\n<meta property=\"og:title\" content=\"Nelimarkka-museolla vieraana Professori, taiteen tohtori Riitta Nelimarkka - JRTV J\u00e4rviradio\" \/>\n<meta property=\"og:description\" content=\"Alaj\u00e4rvell\u00e4 sijaitseva Nelimarkka-museo on paljon muutakin kuin eksoottinen valkoisena hohtava rakennus keskell\u00e4 lakeusmaisemaa. Se on suuren unelman toteutuminen ja osoitus siit\u00e4 miten sitke\u00e4 ty\u00f6 kantaa hedelm\u00e4\u00e4. Nelimarkka-museosta on kasvanut t\u00e4rke\u00e4&hellip;\" \/>\n<meta property=\"og:url\" content=\"https:\/\/jarviradio.fi\/tv\/nelimarkka-museolla-vieraana-professori-taiteen-tohtori-riitta-nelimarkka\/\" \/>\n<meta property=\"og:site_name\" content=\"JRTV J\u00e4rviradio\" \/>\n<meta property=\"article:published_time\" content=\"2022-08-05T09:39:51+00:00\" \/>\n<meta property=\"article:modified_time\" content=\"2022-08-05T09:39:53+00:00\" \/>\n<meta property=\"og:image\" content=\"https:\/\/jarviradio.fi\/tv\/wp-content\/uploads\/2022\/08\/nelimarkkamuseo.jpg\" \/>\n\t<meta property=\"og:image:width\" content=\"1756\" \/>\n\t<meta property=\"og:image:height\" content=\"950\" \/>\n\t<meta property=\"og:image:type\" content=\"image\/jpeg\" \/>\n<meta name=\"author\" content=\"JRTV team\" \/>\n<meta name=\"twitter:card\" content=\"summary_large_image\" \/>\n<meta name=\"twitter:label1\" content=\"Kirjoittanut\" \/>\n\t<meta name=\"twitter:data1\" content=\"JRTV team\" \/>\n\t<meta name=\"twitter:label2\" content=\"Arvioitu lukuaika\" \/>\n\t<meta name=\"twitter:data2\" content=\"1 minuutti\" \/>\n<script type=\"application\/ld+json\" class=\"yoast-schema-graph\">{\"@context\":\"https:\/\/schema.org\",\"@graph\":[{\"@type\":\"Article\",\"@id\":\"https:\/\/jarviradio.fi\/tv\/nelimarkka-museolla-vieraana-professori-taiteen-tohtori-riitta-nelimarkka\/#article\",\"isPartOf\":{\"@id\":\"https:\/\/jarviradio.fi\/tv\/nelimarkka-museolla-vieraana-professori-taiteen-tohtori-riitta-nelimarkka\/\"},\"author\":{\"name\":\"JRTV team\",\"@id\":\"https:\/\/jarviradio.fi\/tv\/#\/schema\/person\/6d4d4d247967b2ba0414e7b6cdc80823\"},\"headline\":\"Nelimarkka-museolla vieraana Professori, taiteen tohtori Riitta Nelimarkka\",\"datePublished\":\"2022-08-05T09:39:51+00:00\",\"dateModified\":\"2022-08-05T09:39:53+00:00\",\"mainEntityOfPage\":{\"@id\":\"https:\/\/jarviradio.fi\/tv\/nelimarkka-museolla-vieraana-professori-taiteen-tohtori-riitta-nelimarkka\/\"},\"wordCount\":73,\"publisher\":{\"@id\":\"https:\/\/jarviradio.fi\/tv\/#organization\"},\"image\":{\"@id\":\"https:\/\/jarviradio.fi\/tv\/nelimarkka-museolla-vieraana-professori-taiteen-tohtori-riitta-nelimarkka\/#primaryimage\"},\"thumbnailUrl\":\"https:\/\/jarviradio.fi\/tv\/wp-content\/uploads\/2022\/08\/nelimarkkamuseo.jpg\",\"articleSection\":[\"Kulttuuri\"],\"inLanguage\":\"fi\"},{\"@type\":\"WebPage\",\"@id\":\"https:\/\/jarviradio.fi\/tv\/nelimarkka-museolla-vieraana-professori-taiteen-tohtori-riitta-nelimarkka\/\",\"url\":\"https:\/\/jarviradio.fi\/tv\/nelimarkka-museolla-vieraana-professori-taiteen-tohtori-riitta-nelimarkka\/\",\"name\":\"Nelimarkka-museolla vieraana Professori, taiteen tohtori Riitta Nelimarkka - JRTV J\u00e4rviradio\",\"isPartOf\":{\"@id\":\"https:\/\/jarviradio.fi\/tv\/#website\"},\"primaryImageOfPage\":{\"@id\":\"https:\/\/jarviradio.fi\/tv\/nelimarkka-museolla-vieraana-professori-taiteen-tohtori-riitta-nelimarkka\/#primaryimage\"},\"image\":{\"@id\":\"https:\/\/jarviradio.fi\/tv\/nelimarkka-museolla-vieraana-professori-taiteen-tohtori-riitta-nelimarkka\/#primaryimage\"},\"thumbnailUrl\":\"https:\/\/jarviradio.fi\/tv\/wp-content\/uploads\/2022\/08\/nelimarkkamuseo.jpg\",\"datePublished\":\"2022-08-05T09:39:51+00:00\",\"dateModified\":\"2022-08-05T09:39:53+00:00\",\"breadcrumb\":{\"@id\":\"https:\/\/jarviradio.fi\/tv\/nelimarkka-museolla-vieraana-professori-taiteen-tohtori-riitta-nelimarkka\/#breadcrumb\"},\"inLanguage\":\"fi\",\"potentialAction\":[{\"@type\":\"ReadAction\",\"target\":[\"https:\/\/jarviradio.fi\/tv\/nelimarkka-museolla-vieraana-professori-taiteen-tohtori-riitta-nelimarkka\/\"]}]},{\"@type\":\"ImageObject\",\"inLanguage\":\"fi\",\"@id\":\"https:\/\/jarviradio.fi\/tv\/nelimarkka-museolla-vieraana-professori-taiteen-tohtori-riitta-nelimarkka\/#primaryimage\",\"url\":\"https:\/\/jarviradio.fi\/tv\/wp-content\/uploads\/2022\/08\/nelimarkkamuseo.jpg\",\"contentUrl\":\"https:\/\/jarviradio.fi\/tv\/wp-content\/uploads\/2022\/08\/nelimarkkamuseo.jpg\",\"width\":1756,\"height\":950},{\"@type\":\"BreadcrumbList\",\"@id\":\"https:\/\/jarviradio.fi\/tv\/nelimarkka-museolla-vieraana-professori-taiteen-tohtori-riitta-nelimarkka\/#breadcrumb\",\"itemListElement\":[{\"@type\":\"ListItem\",\"position\":1,\"name\":\"Etusivu\",\"item\":\"https:\/\/jarviradio.fi\/tv\/\"},{\"@type\":\"ListItem\",\"position\":2,\"name\":\"Nelimarkka-museolla vieraana Professori, taiteen tohtori Riitta Nelimarkka\"}]},{\"@type\":\"WebSite\",\"@id\":\"https:\/\/jarviradio.fi\/tv\/#website\",\"url\":\"https:\/\/jarviradio.fi\/tv\/\",\"name\":\"JRTV J\u00e4rviradio\",\"description\":\"Persoonallisin radiokanava J\u00e4rviradio, valtaa alaa TV l\u00e4hetyksiss\u00e4\",\"publisher\":{\"@id\":\"https:\/\/jarviradio.fi\/tv\/#organization\"},\"potentialAction\":[{\"@type\":\"SearchAction\",\"target\":{\"@type\":\"EntryPoint\",\"urlTemplate\":\"https:\/\/jarviradio.fi\/tv\/?s={search_term_string}\"},\"query-input\":{\"@type\":\"PropertyValueSpecification\",\"valueRequired\":true,\"valueName\":\"search_term_string\"}}],\"inLanguage\":\"fi\"},{\"@type\":\"Organization\",\"@id\":\"https:\/\/jarviradio.fi\/tv\/#organization\",\"name\":\"JRTV J\u00e4rviradio\",\"url\":\"https:\/\/jarviradio.fi\/tv\/\",\"logo\":{\"@type\":\"ImageObject\",\"inLanguage\":\"fi\",\"@id\":\"https:\/\/jarviradio.fi\/tv\/#\/schema\/logo\/image\/\",\"url\":\"https:\/\/jarviradio.fi\/tv\/wp-content\/uploads\/2022\/01\/cropped-jrtv_nettisivulogo.png\",\"contentUrl\":\"https:\/\/jarviradio.fi\/tv\/wp-content\/uploads\/2022\/01\/cropped-jrtv_nettisivulogo.png\",\"width\":389,\"height\":51,\"caption\":\"JRTV J\u00e4rviradio\"},\"image\":{\"@id\":\"https:\/\/jarviradio.fi\/tv\/#\/schema\/logo\/image\/\"}},{\"@type\":\"Person\",\"@id\":\"https:\/\/jarviradio.fi\/tv\/#\/schema\/person\/6d4d4d247967b2ba0414e7b6cdc80823\",\"name\":\"JRTV team\",\"image\":{\"@type\":\"ImageObject\",\"inLanguage\":\"fi\",\"@id\":\"https:\/\/jarviradio.fi\/tv\/#\/schema\/person\/image\/\",\"url\":\"https:\/\/secure.gravatar.com\/avatar\/5e0074d2cd56116d60c7f8b0f513b4b120163421cbefa875ac59e50be4e90b86?s=96&d=mm&r=g\",\"contentUrl\":\"https:\/\/secure.gravatar.com\/avatar\/5e0074d2cd56116d60c7f8b0f513b4b120163421cbefa875ac59e50be4e90b86?s=96&d=mm&r=g\",\"caption\":\"JRTV team\"},\"url\":\"https:\/\/jarviradio.fi\/tv\/author\/aarno\/\"}]}<\/script>\n<!-- \/ Yoast SEO plugin. -->","yoast_head_json":{"title":"Nelimarkka-museolla vieraana Professori, taiteen tohtori Riitta Nelimarkka - JRTV J\u00e4rviradio","robots":{"index":"index","follow":"follow","max-snippet":"max-snippet:-1","max-image-preview":"max-image-preview:large","max-video-preview":"max-video-preview:-1"},"canonical":"https:\/\/jarviradio.fi\/tv\/nelimarkka-museolla-vieraana-professori-taiteen-tohtori-riitta-nelimarkka\/","og_locale":"fi_FI","og_type":"article","og_title":"Nelimarkka-museolla vieraana Professori, taiteen tohtori Riitta Nelimarkka - JRTV J\u00e4rviradio","og_description":"Alaj\u00e4rvell\u00e4 sijaitseva Nelimarkka-museo on paljon muutakin kuin eksoottinen valkoisena hohtava rakennus keskell\u00e4 lakeusmaisemaa. Se on suuren unelman toteutuminen ja osoitus siit\u00e4 miten sitke\u00e4 ty\u00f6 kantaa hedelm\u00e4\u00e4. Nelimarkka-museosta on kasvanut t\u00e4rke\u00e4&hellip;","og_url":"https:\/\/jarviradio.fi\/tv\/nelimarkka-museolla-vieraana-professori-taiteen-tohtori-riitta-nelimarkka\/","og_site_name":"JRTV J\u00e4rviradio","article_published_time":"2022-08-05T09:39:51+00:00","article_modified_time":"2022-08-05T09:39:53+00:00","og_image":[{"width":1756,"height":950,"url":"https:\/\/jarviradio.fi\/tv\/wp-content\/uploads\/2022\/08\/nelimarkkamuseo.jpg","type":"image\/jpeg"}],"author":"JRTV team","twitter_card":"summary_large_image","twitter_misc":{"Kirjoittanut":"JRTV team","Arvioitu lukuaika":"1 minuutti"},"schema":{"@context":"https:\/\/schema.org","@graph":[{"@type":"Article","@id":"https:\/\/jarviradio.fi\/tv\/nelimarkka-museolla-vieraana-professori-taiteen-tohtori-riitta-nelimarkka\/#article","isPartOf":{"@id":"https:\/\/jarviradio.fi\/tv\/nelimarkka-museolla-vieraana-professori-taiteen-tohtori-riitta-nelimarkka\/"},"author":{"name":"JRTV team","@id":"https:\/\/jarviradio.fi\/tv\/#\/schema\/person\/6d4d4d247967b2ba0414e7b6cdc80823"},"headline":"Nelimarkka-museolla vieraana Professori, taiteen tohtori Riitta Nelimarkka","datePublished":"2022-08-05T09:39:51+00:00","dateModified":"2022-08-05T09:39:53+00:00","mainEntityOfPage":{"@id":"https:\/\/jarviradio.fi\/tv\/nelimarkka-museolla-vieraana-professori-taiteen-tohtori-riitta-nelimarkka\/"},"wordCount":73,"publisher":{"@id":"https:\/\/jarviradio.fi\/tv\/#organization"},"image":{"@id":"https:\/\/jarviradio.fi\/tv\/nelimarkka-museolla-vieraana-professori-taiteen-tohtori-riitta-nelimarkka\/#primaryimage"},"thumbnailUrl":"https:\/\/jarviradio.fi\/tv\/wp-content\/uploads\/2022\/08\/nelimarkkamuseo.jpg","articleSection":["Kulttuuri"],"inLanguage":"fi"},{"@type":"WebPage","@id":"https:\/\/jarviradio.fi\/tv\/nelimarkka-museolla-vieraana-professori-taiteen-tohtori-riitta-nelimarkka\/","url":"https:\/\/jarviradio.fi\/tv\/nelimarkka-museolla-vieraana-professori-taiteen-tohtori-riitta-nelimarkka\/","name":"Nelimarkka-museolla vieraana Professori, taiteen tohtori Riitta Nelimarkka - JRTV J\u00e4rviradio","isPartOf":{"@id":"https:\/\/jarviradio.fi\/tv\/#website"},"primaryImageOfPage":{"@id":"https:\/\/jarviradio.fi\/tv\/nelimarkka-museolla-vieraana-professori-taiteen-tohtori-riitta-nelimarkka\/#primaryimage"},"image":{"@id":"https:\/\/jarviradio.fi\/tv\/nelimarkka-museolla-vieraana-professori-taiteen-tohtori-riitta-nelimarkka\/#primaryimage"},"thumbnailUrl":"https:\/\/jarviradio.fi\/tv\/wp-content\/uploads\/2022\/08\/nelimarkkamuseo.jpg","datePublished":"2022-08-05T09:39:51+00:00","dateModified":"2022-08-05T09:39:53+00:00","breadcrumb":{"@id":"https:\/\/jarviradio.fi\/tv\/nelimarkka-museolla-vieraana-professori-taiteen-tohtori-riitta-nelimarkka\/#breadcrumb"},"inLanguage":"fi","potentialAction":[{"@type":"ReadAction","target":["https:\/\/jarviradio.fi\/tv\/nelimarkka-museolla-vieraana-professori-taiteen-tohtori-riitta-nelimarkka\/"]}]},{"@type":"ImageObject","inLanguage":"fi","@id":"https:\/\/jarviradio.fi\/tv\/nelimarkka-museolla-vieraana-professori-taiteen-tohtori-riitta-nelimarkka\/#primaryimage","url":"https:\/\/jarviradio.fi\/tv\/wp-content\/uploads\/2022\/08\/nelimarkkamuseo.jpg","contentUrl":"https:\/\/jarviradio.fi\/tv\/wp-content\/uploads\/2022\/08\/nelimarkkamuseo.jpg","width":1756,"height":950},{"@type":"BreadcrumbList","@id":"https:\/\/jarviradio.fi\/tv\/nelimarkka-museolla-vieraana-professori-taiteen-tohtori-riitta-nelimarkka\/#breadcrumb","itemListElement":[{"@type":"ListItem","position":1,"name":"Etusivu","item":"https:\/\/jarviradio.fi\/tv\/"},{"@type":"ListItem","position":2,"name":"Nelimarkka-museolla vieraana Professori, taiteen tohtori Riitta Nelimarkka"}]},{"@type":"WebSite","@id":"https:\/\/jarviradio.fi\/tv\/#website","url":"https:\/\/jarviradio.fi\/tv\/","name":"JRTV J\u00e4rviradio","description":"Persoonallisin radiokanava J\u00e4rviradio, valtaa alaa TV l\u00e4hetyksiss\u00e4","publisher":{"@id":"https:\/\/jarviradio.fi\/tv\/#organization"},"potentialAction":[{"@type":"SearchAction","target":{"@type":"EntryPoint","urlTemplate":"https:\/\/jarviradio.fi\/tv\/?s={search_term_string}"},"query-input":{"@type":"PropertyValueSpecification","valueRequired":true,"valueName":"search_term_string"}}],"inLanguage":"fi"},{"@type":"Organization","@id":"https:\/\/jarviradio.fi\/tv\/#organization","name":"JRTV J\u00e4rviradio","url":"https:\/\/jarviradio.fi\/tv\/","logo":{"@type":"ImageObject","inLanguage":"fi","@id":"https:\/\/jarviradio.fi\/tv\/#\/schema\/logo\/image\/","url":"https:\/\/jarviradio.fi\/tv\/wp-content\/uploads\/2022\/01\/cropped-jrtv_nettisivulogo.png","contentUrl":"https:\/\/jarviradio.fi\/tv\/wp-content\/uploads\/2022\/01\/cropped-jrtv_nettisivulogo.png","width":389,"height":51,"caption":"JRTV J\u00e4rviradio"},"image":{"@id":"https:\/\/jarviradio.fi\/tv\/#\/schema\/logo\/image\/"}},{"@type":"Person","@id":"https:\/\/jarviradio.fi\/tv\/#\/schema\/person\/6d4d4d247967b2ba0414e7b6cdc80823","name":"JRTV team","image":{"@type":"ImageObject","inLanguage":"fi","@id":"https:\/\/jarviradio.fi\/tv\/#\/schema\/person\/image\/","url":"https:\/\/secure.gravatar.com\/avatar\/5e0074d2cd56116d60c7f8b0f513b4b120163421cbefa875ac59e50be4e90b86?s=96&d=mm&r=g","contentUrl":"https:\/\/secure.gravatar.com\/avatar\/5e0074d2cd56116d60c7f8b0f513b4b120163421cbefa875ac59e50be4e90b86?s=96&d=mm&r=g","caption":"JRTV team"},"url":"https:\/\/jarviradio.fi\/tv\/author\/aarno\/"}]}},"_links":{"self":[{"href":"https:\/\/jarviradio.fi\/tv\/wp-json\/wp\/v2\/posts\/924","targetHints":{"allow":["GET"]}}],"collection":[{"href":"https:\/\/jarviradio.fi\/tv\/wp-json\/wp\/v2\/posts"}],"about":[{"href":"https:\/\/jarviradio.fi\/tv\/wp-json\/wp\/v2\/types\/post"}],"author":[{"embeddable":true,"href":"https:\/\/jarviradio.fi\/tv\/wp-json\/wp\/v2\/users\/2"}],"replies":[{"embeddable":true,"href":"https:\/\/jarviradio.fi\/tv\/wp-json\/wp\/v2\/comments?post=924"}],"version-history":[{"count":1,"href":"https:\/\/jarviradio.fi\/tv\/wp-json\/wp\/v2\/posts\/924\/revisions"}],"predecessor-version":[{"id":926,"href":"https:\/\/jarviradio.fi\/tv\/wp-json\/wp\/v2\/posts\/924\/revisions\/926"}],"wp:featuredmedia":[{"embeddable":true,"href":"https:\/\/jarviradio.fi\/tv\/wp-json\/wp\/v2\/media\/925"}],"wp:attachment":[{"href":"https:\/\/jarviradio.fi\/tv\/wp-json\/wp\/v2\/media?parent=924"}],"wp:term":[{"taxonomy":"category","embeddable":true,"href":"https:\/\/jarviradio.fi\/tv\/wp-json\/wp\/v2\/categories?post=924"},{"taxonomy":"post_tag","embeddable":true,"href":"https:\/\/jarviradio.fi\/tv\/wp-json\/wp\/v2\/tags?post=924"}],"curies":[{"name":"wp","href":"https:\/\/api.w.org\/{rel}","templated":true}]}}