{"id":804,"date":"2022-06-17T22:05:14","date_gmt":"2022-06-17T19:05:14","guid":{"rendered":"https:\/\/jarviradio.fi\/tv\/?p=804"},"modified":"2022-06-17T22:05:16","modified_gmt":"2022-06-17T19:05:16","slug":"video-tyoelaman-ja-elakelaisten-tulevaisuus-tyovaentalojen-varjossa","status":"publish","type":"post","link":"https:\/\/jarviradio.fi\/tv\/video-tyoelaman-ja-elakelaisten-tulevaisuus-tyovaentalojen-varjossa\/","title":{"rendered":"Video: Ty\u00f6el\u00e4m\u00e4n ja el\u00e4kel\u00e4isten tulevaisuus ty\u00f6v\u00e4entalojen varjossa"},"content":{"rendered":"\n<figure class=\"wp-block-embed is-type-video is-provider-vimeo wp-block-embed-vimeo wp-embed-aspect-16-9 wp-has-aspect-ratio\"><div class=\"wp-block-embed__wrapper\">\n<iframe loading=\"lazy\" title=\"PE 17.6 klo 17.00 Ty&amp;ouml;el&amp;auml;m&amp;auml;n ja el&amp;auml;kel&amp;auml;isten tulevaisuus ty&amp;ouml;v&amp;auml;entalojen varjossa\" src=\"https:\/\/player.vimeo.com\/video\/721040233?h=3709014ce3&amp;dnt=1&amp;app_id=122963\" width=\"1110\" height=\"624\" frameborder=\"0\" allow=\"autoplay; fullscreen; picture-in-picture\" allowfullscreen><\/iframe>\n<\/div><\/figure>\n\n\n\n<p>Perjantaina 17.6.2022 Paneelip\u00f6yd\u00e4n taakse asettuivat STTK:n johdosta Antti Palola, PAM:in Jaana Ylitalo, JHL:n P\u00e4ivi Niemi-Laine sek\u00e4 Tampereen apulaispormestari Pekka Salmi. Juontaja, Ilkka-Pohjalaisen p\u00e4\u00e4toimittaja <\/p>\n\n\n\n<p>avaus Ty\u00f6v\u00e4enyhdistyksen puheenjohtaja Johanna Reinil\u00e4<\/p>\n\n\n\n<p>Ilmajoen kunnanjohtaja Ari-Pekka Laitalainen (astui virkaan 1.6.2022) My\u00f6s Ilmajoki nousee esille uuden kunnanjohtaja Ari-Pekka Laitalaisen tervehdyksess\u00e4<\/p>\n\n\n\n<p>Vaasan kaup.hallituksen puheenjohtaja Maria Tolppanen(el\u00e4kel.tulevaisuus)<\/p>\n\n\n\n<p>N\u00e4iden j\u00e4lkeen alkaa paneelikeskustelu Ilkka-Pohjalaisen p\u00e4\u00e4toimittaja Markku Mantilan johdolla.<\/p>\n","protected":false},"excerpt":{"rendered":"<p>Perjantaina 17.6.2022 Paneelip\u00f6yd\u00e4n taakse asettuivat STTK:n johdosta Antti Palola, PAM:in Jaana Ylitalo, JHL:n P\u00e4ivi Niemi-Laine sek\u00e4 Tampereen apulaispormestari Pekka Salmi. Juontaja, Ilkka-Pohjalaisen p\u00e4\u00e4toimittaja avaus Ty\u00f6v\u00e4enyhdistyksen puheenjohtaja Johanna Reinil\u00e4 Ilmajoen kunnanjohtaja&hellip; <\/p>\n","protected":false},"author":2,"featured_media":805,"comment_status":"closed","ping_status":"closed","sticky":false,"template":"","format":"standard","meta":{"footnotes":""},"categories":[57],"tags":[],"class_list":["post-804","post","type-post","status-publish","format-standard","has-post-thumbnail","hentry","category-tapahtumat"],"yoast_head":"<!-- This site is optimized with the Yoast SEO plugin v26.4 - https:\/\/yoast.com\/wordpress\/plugins\/seo\/ -->\n<title>Video: Ty\u00f6el\u00e4m\u00e4n ja el\u00e4kel\u00e4isten tulevaisuus ty\u00f6v\u00e4entalojen varjossa - JRTV J\u00e4rviradio<\/title>\n<meta name=\"robots\" content=\"index, follow, max-snippet:-1, max-image-preview:large, max-video-preview:-1\" \/>\n<link rel=\"canonical\" href=\"https:\/\/jarviradio.fi\/tv\/video-tyoelaman-ja-elakelaisten-tulevaisuus-tyovaentalojen-varjossa\/\" \/>\n<meta property=\"og:locale\" content=\"fi_FI\" \/>\n<meta property=\"og:type\" content=\"article\" \/>\n<meta property=\"og:title\" content=\"Video: Ty\u00f6el\u00e4m\u00e4n ja el\u00e4kel\u00e4isten tulevaisuus ty\u00f6v\u00e4entalojen varjossa - JRTV J\u00e4rviradio\" \/>\n<meta property=\"og:description\" content=\"Perjantaina 17.6.2022 Paneelip\u00f6yd\u00e4n taakse asettuivat STTK:n johdosta Antti Palola, PAM:in Jaana Ylitalo, JHL:n P\u00e4ivi Niemi-Laine sek\u00e4 Tampereen apulaispormestari Pekka Salmi. Juontaja, Ilkka-Pohjalaisen p\u00e4\u00e4toimittaja avaus Ty\u00f6v\u00e4enyhdistyksen puheenjohtaja Johanna Reinil\u00e4 Ilmajoen kunnanjohtaja&hellip;\" \/>\n<meta property=\"og:url\" content=\"https:\/\/jarviradio.fi\/tv\/video-tyoelaman-ja-elakelaisten-tulevaisuus-tyovaentalojen-varjossa\/\" \/>\n<meta property=\"og:site_name\" content=\"JRTV J\u00e4rviradio\" \/>\n<meta property=\"article:published_time\" content=\"2022-06-17T19:05:14+00:00\" \/>\n<meta property=\"article:modified_time\" content=\"2022-06-17T19:05:16+00:00\" \/>\n<meta property=\"og:image\" content=\"https:\/\/jarviradio.fi\/tv\/wp-content\/uploads\/2022\/06\/ilmajoki3.jpg\" \/>\n\t<meta property=\"og:image:width\" content=\"1200\" \/>\n\t<meta property=\"og:image:height\" content=\"628\" \/>\n\t<meta property=\"og:image:type\" content=\"image\/jpeg\" \/>\n<meta name=\"author\" content=\"JRTV team\" \/>\n<meta name=\"twitter:card\" content=\"summary_large_image\" \/>\n<meta name=\"twitter:label1\" content=\"Kirjoittanut\" \/>\n\t<meta name=\"twitter:data1\" content=\"JRTV team\" \/>\n\t<meta name=\"twitter:label2\" content=\"Arvioitu lukuaika\" \/>\n\t<meta name=\"twitter:data2\" content=\"1 minuutti\" \/>\n<script type=\"application\/ld+json\" class=\"yoast-schema-graph\">{\"@context\":\"https:\/\/schema.org\",\"@graph\":[{\"@type\":\"Article\",\"@id\":\"https:\/\/jarviradio.fi\/tv\/video-tyoelaman-ja-elakelaisten-tulevaisuus-tyovaentalojen-varjossa\/#article\",\"isPartOf\":{\"@id\":\"https:\/\/jarviradio.fi\/tv\/video-tyoelaman-ja-elakelaisten-tulevaisuus-tyovaentalojen-varjossa\/\"},\"author\":{\"name\":\"JRTV team\",\"@id\":\"https:\/\/jarviradio.fi\/tv\/#\/schema\/person\/6d4d4d247967b2ba0414e7b6cdc80823\"},\"headline\":\"Video: Ty\u00f6el\u00e4m\u00e4n ja el\u00e4kel\u00e4isten tulevaisuus ty\u00f6v\u00e4entalojen varjossa\",\"datePublished\":\"2022-06-17T19:05:14+00:00\",\"dateModified\":\"2022-06-17T19:05:16+00:00\",\"mainEntityOfPage\":{\"@id\":\"https:\/\/jarviradio.fi\/tv\/video-tyoelaman-ja-elakelaisten-tulevaisuus-tyovaentalojen-varjossa\/\"},\"wordCount\":90,\"publisher\":{\"@id\":\"https:\/\/jarviradio.fi\/tv\/#organization\"},\"image\":{\"@id\":\"https:\/\/jarviradio.fi\/tv\/video-tyoelaman-ja-elakelaisten-tulevaisuus-tyovaentalojen-varjossa\/#primaryimage\"},\"thumbnailUrl\":\"https:\/\/jarviradio.fi\/tv\/wp-content\/uploads\/2022\/06\/ilmajoki3.jpg\",\"articleSection\":[\"Tapahtumat\"],\"inLanguage\":\"fi\"},{\"@type\":\"WebPage\",\"@id\":\"https:\/\/jarviradio.fi\/tv\/video-tyoelaman-ja-elakelaisten-tulevaisuus-tyovaentalojen-varjossa\/\",\"url\":\"https:\/\/jarviradio.fi\/tv\/video-tyoelaman-ja-elakelaisten-tulevaisuus-tyovaentalojen-varjossa\/\",\"name\":\"Video: Ty\u00f6el\u00e4m\u00e4n ja el\u00e4kel\u00e4isten tulevaisuus ty\u00f6v\u00e4entalojen varjossa - JRTV J\u00e4rviradio\",\"isPartOf\":{\"@id\":\"https:\/\/jarviradio.fi\/tv\/#website\"},\"primaryImageOfPage\":{\"@id\":\"https:\/\/jarviradio.fi\/tv\/video-tyoelaman-ja-elakelaisten-tulevaisuus-tyovaentalojen-varjossa\/#primaryimage\"},\"image\":{\"@id\":\"https:\/\/jarviradio.fi\/tv\/video-tyoelaman-ja-elakelaisten-tulevaisuus-tyovaentalojen-varjossa\/#primaryimage\"},\"thumbnailUrl\":\"https:\/\/jarviradio.fi\/tv\/wp-content\/uploads\/2022\/06\/ilmajoki3.jpg\",\"datePublished\":\"2022-06-17T19:05:14+00:00\",\"dateModified\":\"2022-06-17T19:05:16+00:00\",\"breadcrumb\":{\"@id\":\"https:\/\/jarviradio.fi\/tv\/video-tyoelaman-ja-elakelaisten-tulevaisuus-tyovaentalojen-varjossa\/#breadcrumb\"},\"inLanguage\":\"fi\",\"potentialAction\":[{\"@type\":\"ReadAction\",\"target\":[\"https:\/\/jarviradio.fi\/tv\/video-tyoelaman-ja-elakelaisten-tulevaisuus-tyovaentalojen-varjossa\/\"]}]},{\"@type\":\"ImageObject\",\"inLanguage\":\"fi\",\"@id\":\"https:\/\/jarviradio.fi\/tv\/video-tyoelaman-ja-elakelaisten-tulevaisuus-tyovaentalojen-varjossa\/#primaryimage\",\"url\":\"https:\/\/jarviradio.fi\/tv\/wp-content\/uploads\/2022\/06\/ilmajoki3.jpg\",\"contentUrl\":\"https:\/\/jarviradio.fi\/tv\/wp-content\/uploads\/2022\/06\/ilmajoki3.jpg\",\"width\":1200,\"height\":628},{\"@type\":\"BreadcrumbList\",\"@id\":\"https:\/\/jarviradio.fi\/tv\/video-tyoelaman-ja-elakelaisten-tulevaisuus-tyovaentalojen-varjossa\/#breadcrumb\",\"itemListElement\":[{\"@type\":\"ListItem\",\"position\":1,\"name\":\"Etusivu\",\"item\":\"https:\/\/jarviradio.fi\/tv\/\"},{\"@type\":\"ListItem\",\"position\":2,\"name\":\"Video: Ty\u00f6el\u00e4m\u00e4n ja el\u00e4kel\u00e4isten tulevaisuus ty\u00f6v\u00e4entalojen varjossa\"}]},{\"@type\":\"WebSite\",\"@id\":\"https:\/\/jarviradio.fi\/tv\/#website\",\"url\":\"https:\/\/jarviradio.fi\/tv\/\",\"name\":\"JRTV J\u00e4rviradio\",\"description\":\"Persoonallisin radiokanava J\u00e4rviradio, valtaa alaa TV l\u00e4hetyksiss\u00e4\",\"publisher\":{\"@id\":\"https:\/\/jarviradio.fi\/tv\/#organization\"},\"potentialAction\":[{\"@type\":\"SearchAction\",\"target\":{\"@type\":\"EntryPoint\",\"urlTemplate\":\"https:\/\/jarviradio.fi\/tv\/?s={search_term_string}\"},\"query-input\":{\"@type\":\"PropertyValueSpecification\",\"valueRequired\":true,\"valueName\":\"search_term_string\"}}],\"inLanguage\":\"fi\"},{\"@type\":\"Organization\",\"@id\":\"https:\/\/jarviradio.fi\/tv\/#organization\",\"name\":\"JRTV J\u00e4rviradio\",\"url\":\"https:\/\/jarviradio.fi\/tv\/\",\"logo\":{\"@type\":\"ImageObject\",\"inLanguage\":\"fi\",\"@id\":\"https:\/\/jarviradio.fi\/tv\/#\/schema\/logo\/image\/\",\"url\":\"https:\/\/jarviradio.fi\/tv\/wp-content\/uploads\/2022\/01\/cropped-jrtv_nettisivulogo.png\",\"contentUrl\":\"https:\/\/jarviradio.fi\/tv\/wp-content\/uploads\/2022\/01\/cropped-jrtv_nettisivulogo.png\",\"width\":389,\"height\":51,\"caption\":\"JRTV J\u00e4rviradio\"},\"image\":{\"@id\":\"https:\/\/jarviradio.fi\/tv\/#\/schema\/logo\/image\/\"}},{\"@type\":\"Person\",\"@id\":\"https:\/\/jarviradio.fi\/tv\/#\/schema\/person\/6d4d4d247967b2ba0414e7b6cdc80823\",\"name\":\"JRTV team\",\"image\":{\"@type\":\"ImageObject\",\"inLanguage\":\"fi\",\"@id\":\"https:\/\/jarviradio.fi\/tv\/#\/schema\/person\/image\/\",\"url\":\"https:\/\/secure.gravatar.com\/avatar\/5e0074d2cd56116d60c7f8b0f513b4b120163421cbefa875ac59e50be4e90b86?s=96&d=mm&r=g\",\"contentUrl\":\"https:\/\/secure.gravatar.com\/avatar\/5e0074d2cd56116d60c7f8b0f513b4b120163421cbefa875ac59e50be4e90b86?s=96&d=mm&r=g\",\"caption\":\"JRTV team\"},\"url\":\"https:\/\/jarviradio.fi\/tv\/author\/aarno\/\"}]}<\/script>\n<!-- \/ Yoast SEO plugin. -->","yoast_head_json":{"title":"Video: Ty\u00f6el\u00e4m\u00e4n ja el\u00e4kel\u00e4isten tulevaisuus ty\u00f6v\u00e4entalojen varjossa - JRTV J\u00e4rviradio","robots":{"index":"index","follow":"follow","max-snippet":"max-snippet:-1","max-image-preview":"max-image-preview:large","max-video-preview":"max-video-preview:-1"},"canonical":"https:\/\/jarviradio.fi\/tv\/video-tyoelaman-ja-elakelaisten-tulevaisuus-tyovaentalojen-varjossa\/","og_locale":"fi_FI","og_type":"article","og_title":"Video: Ty\u00f6el\u00e4m\u00e4n ja el\u00e4kel\u00e4isten tulevaisuus ty\u00f6v\u00e4entalojen varjossa - JRTV J\u00e4rviradio","og_description":"Perjantaina 17.6.2022 Paneelip\u00f6yd\u00e4n taakse asettuivat STTK:n johdosta Antti Palola, PAM:in Jaana Ylitalo, JHL:n P\u00e4ivi Niemi-Laine sek\u00e4 Tampereen apulaispormestari Pekka Salmi. Juontaja, Ilkka-Pohjalaisen p\u00e4\u00e4toimittaja avaus Ty\u00f6v\u00e4enyhdistyksen puheenjohtaja Johanna Reinil\u00e4 Ilmajoen kunnanjohtaja&hellip;","og_url":"https:\/\/jarviradio.fi\/tv\/video-tyoelaman-ja-elakelaisten-tulevaisuus-tyovaentalojen-varjossa\/","og_site_name":"JRTV J\u00e4rviradio","article_published_time":"2022-06-17T19:05:14+00:00","article_modified_time":"2022-06-17T19:05:16+00:00","og_image":[{"width":1200,"height":628,"url":"https:\/\/jarviradio.fi\/tv\/wp-content\/uploads\/2022\/06\/ilmajoki3.jpg","type":"image\/jpeg"}],"author":"JRTV team","twitter_card":"summary_large_image","twitter_misc":{"Kirjoittanut":"JRTV team","Arvioitu lukuaika":"1 minuutti"},"schema":{"@context":"https:\/\/schema.org","@graph":[{"@type":"Article","@id":"https:\/\/jarviradio.fi\/tv\/video-tyoelaman-ja-elakelaisten-tulevaisuus-tyovaentalojen-varjossa\/#article","isPartOf":{"@id":"https:\/\/jarviradio.fi\/tv\/video-tyoelaman-ja-elakelaisten-tulevaisuus-tyovaentalojen-varjossa\/"},"author":{"name":"JRTV team","@id":"https:\/\/jarviradio.fi\/tv\/#\/schema\/person\/6d4d4d247967b2ba0414e7b6cdc80823"},"headline":"Video: Ty\u00f6el\u00e4m\u00e4n ja el\u00e4kel\u00e4isten tulevaisuus ty\u00f6v\u00e4entalojen varjossa","datePublished":"2022-06-17T19:05:14+00:00","dateModified":"2022-06-17T19:05:16+00:00","mainEntityOfPage":{"@id":"https:\/\/jarviradio.fi\/tv\/video-tyoelaman-ja-elakelaisten-tulevaisuus-tyovaentalojen-varjossa\/"},"wordCount":90,"publisher":{"@id":"https:\/\/jarviradio.fi\/tv\/#organization"},"image":{"@id":"https:\/\/jarviradio.fi\/tv\/video-tyoelaman-ja-elakelaisten-tulevaisuus-tyovaentalojen-varjossa\/#primaryimage"},"thumbnailUrl":"https:\/\/jarviradio.fi\/tv\/wp-content\/uploads\/2022\/06\/ilmajoki3.jpg","articleSection":["Tapahtumat"],"inLanguage":"fi"},{"@type":"WebPage","@id":"https:\/\/jarviradio.fi\/tv\/video-tyoelaman-ja-elakelaisten-tulevaisuus-tyovaentalojen-varjossa\/","url":"https:\/\/jarviradio.fi\/tv\/video-tyoelaman-ja-elakelaisten-tulevaisuus-tyovaentalojen-varjossa\/","name":"Video: Ty\u00f6el\u00e4m\u00e4n ja el\u00e4kel\u00e4isten tulevaisuus ty\u00f6v\u00e4entalojen varjossa - JRTV J\u00e4rviradio","isPartOf":{"@id":"https:\/\/jarviradio.fi\/tv\/#website"},"primaryImageOfPage":{"@id":"https:\/\/jarviradio.fi\/tv\/video-tyoelaman-ja-elakelaisten-tulevaisuus-tyovaentalojen-varjossa\/#primaryimage"},"image":{"@id":"https:\/\/jarviradio.fi\/tv\/video-tyoelaman-ja-elakelaisten-tulevaisuus-tyovaentalojen-varjossa\/#primaryimage"},"thumbnailUrl":"https:\/\/jarviradio.fi\/tv\/wp-content\/uploads\/2022\/06\/ilmajoki3.jpg","datePublished":"2022-06-17T19:05:14+00:00","dateModified":"2022-06-17T19:05:16+00:00","breadcrumb":{"@id":"https:\/\/jarviradio.fi\/tv\/video-tyoelaman-ja-elakelaisten-tulevaisuus-tyovaentalojen-varjossa\/#breadcrumb"},"inLanguage":"fi","potentialAction":[{"@type":"ReadAction","target":["https:\/\/jarviradio.fi\/tv\/video-tyoelaman-ja-elakelaisten-tulevaisuus-tyovaentalojen-varjossa\/"]}]},{"@type":"ImageObject","inLanguage":"fi","@id":"https:\/\/jarviradio.fi\/tv\/video-tyoelaman-ja-elakelaisten-tulevaisuus-tyovaentalojen-varjossa\/#primaryimage","url":"https:\/\/jarviradio.fi\/tv\/wp-content\/uploads\/2022\/06\/ilmajoki3.jpg","contentUrl":"https:\/\/jarviradio.fi\/tv\/wp-content\/uploads\/2022\/06\/ilmajoki3.jpg","width":1200,"height":628},{"@type":"BreadcrumbList","@id":"https:\/\/jarviradio.fi\/tv\/video-tyoelaman-ja-elakelaisten-tulevaisuus-tyovaentalojen-varjossa\/#breadcrumb","itemListElement":[{"@type":"ListItem","position":1,"name":"Etusivu","item":"https:\/\/jarviradio.fi\/tv\/"},{"@type":"ListItem","position":2,"name":"Video: Ty\u00f6el\u00e4m\u00e4n ja el\u00e4kel\u00e4isten tulevaisuus ty\u00f6v\u00e4entalojen varjossa"}]},{"@type":"WebSite","@id":"https:\/\/jarviradio.fi\/tv\/#website","url":"https:\/\/jarviradio.fi\/tv\/","name":"JRTV J\u00e4rviradio","description":"Persoonallisin radiokanava J\u00e4rviradio, valtaa alaa TV l\u00e4hetyksiss\u00e4","publisher":{"@id":"https:\/\/jarviradio.fi\/tv\/#organization"},"potentialAction":[{"@type":"SearchAction","target":{"@type":"EntryPoint","urlTemplate":"https:\/\/jarviradio.fi\/tv\/?s={search_term_string}"},"query-input":{"@type":"PropertyValueSpecification","valueRequired":true,"valueName":"search_term_string"}}],"inLanguage":"fi"},{"@type":"Organization","@id":"https:\/\/jarviradio.fi\/tv\/#organization","name":"JRTV J\u00e4rviradio","url":"https:\/\/jarviradio.fi\/tv\/","logo":{"@type":"ImageObject","inLanguage":"fi","@id":"https:\/\/jarviradio.fi\/tv\/#\/schema\/logo\/image\/","url":"https:\/\/jarviradio.fi\/tv\/wp-content\/uploads\/2022\/01\/cropped-jrtv_nettisivulogo.png","contentUrl":"https:\/\/jarviradio.fi\/tv\/wp-content\/uploads\/2022\/01\/cropped-jrtv_nettisivulogo.png","width":389,"height":51,"caption":"JRTV J\u00e4rviradio"},"image":{"@id":"https:\/\/jarviradio.fi\/tv\/#\/schema\/logo\/image\/"}},{"@type":"Person","@id":"https:\/\/jarviradio.fi\/tv\/#\/schema\/person\/6d4d4d247967b2ba0414e7b6cdc80823","name":"JRTV team","image":{"@type":"ImageObject","inLanguage":"fi","@id":"https:\/\/jarviradio.fi\/tv\/#\/schema\/person\/image\/","url":"https:\/\/secure.gravatar.com\/avatar\/5e0074d2cd56116d60c7f8b0f513b4b120163421cbefa875ac59e50be4e90b86?s=96&d=mm&r=g","contentUrl":"https:\/\/secure.gravatar.com\/avatar\/5e0074d2cd56116d60c7f8b0f513b4b120163421cbefa875ac59e50be4e90b86?s=96&d=mm&r=g","caption":"JRTV team"},"url":"https:\/\/jarviradio.fi\/tv\/author\/aarno\/"}]}},"_links":{"self":[{"href":"https:\/\/jarviradio.fi\/tv\/wp-json\/wp\/v2\/posts\/804","targetHints":{"allow":["GET"]}}],"collection":[{"href":"https:\/\/jarviradio.fi\/tv\/wp-json\/wp\/v2\/posts"}],"about":[{"href":"https:\/\/jarviradio.fi\/tv\/wp-json\/wp\/v2\/types\/post"}],"author":[{"embeddable":true,"href":"https:\/\/jarviradio.fi\/tv\/wp-json\/wp\/v2\/users\/2"}],"replies":[{"embeddable":true,"href":"https:\/\/jarviradio.fi\/tv\/wp-json\/wp\/v2\/comments?post=804"}],"version-history":[{"count":1,"href":"https:\/\/jarviradio.fi\/tv\/wp-json\/wp\/v2\/posts\/804\/revisions"}],"predecessor-version":[{"id":806,"href":"https:\/\/jarviradio.fi\/tv\/wp-json\/wp\/v2\/posts\/804\/revisions\/806"}],"wp:featuredmedia":[{"embeddable":true,"href":"https:\/\/jarviradio.fi\/tv\/wp-json\/wp\/v2\/media\/805"}],"wp:attachment":[{"href":"https:\/\/jarviradio.fi\/tv\/wp-json\/wp\/v2\/media?parent=804"}],"wp:term":[{"taxonomy":"category","embeddable":true,"href":"https:\/\/jarviradio.fi\/tv\/wp-json\/wp\/v2\/categories?post=804"},{"taxonomy":"post_tag","embeddable":true,"href":"https:\/\/jarviradio.fi\/tv\/wp-json\/wp\/v2\/tags?post=804"}],"curies":[{"name":"wp","href":"https:\/\/api.w.org\/{rel}","templated":true}]}}