{"id":771,"date":"2022-06-17T22:08:12","date_gmt":"2022-06-17T19:08:12","guid":{"rendered":"https:\/\/jarviradio.fi\/tv\/?p=771"},"modified":"2022-06-19T19:24:36","modified_gmt":"2022-06-19T16:24:36","slug":"kesakuu2022-matkalaisten-terveisia-ja-tunnelmia-jarviradion-kaari-matkojen-parnu-matkalta-jaska-makynen-ja-kaija-pohjola-mukana-matkassa","status":"publish","type":"post","link":"https:\/\/jarviradio.fi\/tv\/kesakuu2022-matkalaisten-terveisia-ja-tunnelmia-jarviradion-kaari-matkojen-parnu-matkalta-jaska-makynen-ja-kaija-pohjola-mukana-matkassa\/","title":{"rendered":"Kes\u00e4kuu 2022 &#8211; Matkalaisten terveisi\u00e4 ja tunnelmia J\u00e4rviradion\/Kaari-Matkojen P\u00e4rnu matkalta &#8211; Jaska M\u00e4kynen ja Kaija Pohjola mukana matkassa"},"content":{"rendered":"\n<figure class=\"wp-block-embed is-type-video is-provider-vimeo wp-block-embed-vimeo wp-embed-aspect-16-9 wp-has-aspect-ratio\"><div class=\"wp-block-embed__wrapper\">\n<iframe loading=\"lazy\" src=\"https:\/\/player.vimeo.com\/video\/721917673?h=910146c4ae&amp;dnt=1&amp;app_id=122963\" width=\"1110\" height=\"624\" frameborder=\"0\" allow=\"autoplay; fullscreen; picture-in-picture\" allowfullscreen><\/iframe>\n<\/div><\/figure>\n","protected":false},"excerpt":{"rendered":"","protected":false},"author":2,"featured_media":815,"comment_status":"closed","ping_status":"closed","sticky":false,"template":"","format":"standard","meta":{"footnotes":""},"categories":[3],"tags":[],"class_list":["post-771","post","type-post","status-publish","format-standard","has-post-thumbnail","hentry","category-matkailu"],"yoast_head":"<!-- This site is optimized with the Yoast SEO plugin v26.4 - https:\/\/yoast.com\/wordpress\/plugins\/seo\/ -->\n<title>Kes\u00e4kuu 2022 - Matkalaisten terveisi\u00e4 ja tunnelmia J\u00e4rviradion\/Kaari-Matkojen P\u00e4rnu matkalta - Jaska M\u00e4kynen ja Kaija Pohjola mukana matkassa - JRTV J\u00e4rviradio<\/title>\n<meta name=\"robots\" content=\"index, follow, max-snippet:-1, max-image-preview:large, max-video-preview:-1\" \/>\n<link rel=\"canonical\" href=\"https:\/\/jarviradio.fi\/tv\/kesakuu2022-matkalaisten-terveisia-ja-tunnelmia-jarviradion-kaari-matkojen-parnu-matkalta-jaska-makynen-ja-kaija-pohjola-mukana-matkassa\/\" \/>\n<meta property=\"og:locale\" content=\"fi_FI\" \/>\n<meta property=\"og:type\" content=\"article\" \/>\n<meta property=\"og:title\" content=\"Kes\u00e4kuu 2022 - Matkalaisten terveisi\u00e4 ja tunnelmia J\u00e4rviradion\/Kaari-Matkojen P\u00e4rnu matkalta - Jaska M\u00e4kynen ja Kaija Pohjola mukana matkassa - JRTV J\u00e4rviradio\" \/>\n<meta property=\"og:url\" content=\"https:\/\/jarviradio.fi\/tv\/kesakuu2022-matkalaisten-terveisia-ja-tunnelmia-jarviradion-kaari-matkojen-parnu-matkalta-jaska-makynen-ja-kaija-pohjola-mukana-matkassa\/\" \/>\n<meta property=\"og:site_name\" content=\"JRTV J\u00e4rviradio\" \/>\n<meta property=\"article:published_time\" content=\"2022-06-17T19:08:12+00:00\" \/>\n<meta property=\"article:modified_time\" content=\"2022-06-19T16:24:36+00:00\" \/>\n<meta property=\"og:image\" content=\"https:\/\/jarviradio.fi\/tv\/wp-content\/uploads\/2022\/06\/panualkukuvajrtv.jpg\" \/>\n\t<meta property=\"og:image:width\" content=\"1920\" \/>\n\t<meta property=\"og:image:height\" content=\"1080\" \/>\n\t<meta property=\"og:image:type\" content=\"image\/jpeg\" \/>\n<meta name=\"author\" content=\"JRTV team\" \/>\n<meta name=\"twitter:card\" content=\"summary_large_image\" \/>\n<meta name=\"twitter:label1\" content=\"Kirjoittanut\" \/>\n\t<meta name=\"twitter:data1\" content=\"JRTV team\" \/>\n\t<meta name=\"twitter:label2\" content=\"Arvioitu lukuaika\" \/>\n\t<meta name=\"twitter:data2\" content=\"1 minuutti\" \/>\n<script type=\"application\/ld+json\" class=\"yoast-schema-graph\">{\"@context\":\"https:\/\/schema.org\",\"@graph\":[{\"@type\":\"Article\",\"@id\":\"https:\/\/jarviradio.fi\/tv\/kesakuu2022-matkalaisten-terveisia-ja-tunnelmia-jarviradion-kaari-matkojen-parnu-matkalta-jaska-makynen-ja-kaija-pohjola-mukana-matkassa\/#article\",\"isPartOf\":{\"@id\":\"https:\/\/jarviradio.fi\/tv\/kesakuu2022-matkalaisten-terveisia-ja-tunnelmia-jarviradion-kaari-matkojen-parnu-matkalta-jaska-makynen-ja-kaija-pohjola-mukana-matkassa\/\"},\"author\":{\"name\":\"JRTV team\",\"@id\":\"https:\/\/jarviradio.fi\/tv\/#\/schema\/person\/6d4d4d247967b2ba0414e7b6cdc80823\"},\"headline\":\"Kes\u00e4kuu 2022 &#8211; Matkalaisten terveisi\u00e4 ja tunnelmia J\u00e4rviradion\/Kaari-Matkojen P\u00e4rnu matkalta &#8211; Jaska M\u00e4kynen ja Kaija Pohjola mukana matkassa\",\"datePublished\":\"2022-06-17T19:08:12+00:00\",\"dateModified\":\"2022-06-19T16:24:36+00:00\",\"mainEntityOfPage\":{\"@id\":\"https:\/\/jarviradio.fi\/tv\/kesakuu2022-matkalaisten-terveisia-ja-tunnelmia-jarviradion-kaari-matkojen-parnu-matkalta-jaska-makynen-ja-kaija-pohjola-mukana-matkassa\/\"},\"wordCount\":25,\"publisher\":{\"@id\":\"https:\/\/jarviradio.fi\/tv\/#organization\"},\"image\":{\"@id\":\"https:\/\/jarviradio.fi\/tv\/kesakuu2022-matkalaisten-terveisia-ja-tunnelmia-jarviradion-kaari-matkojen-parnu-matkalta-jaska-makynen-ja-kaija-pohjola-mukana-matkassa\/#primaryimage\"},\"thumbnailUrl\":\"https:\/\/jarviradio.fi\/tv\/wp-content\/uploads\/2022\/06\/panualkukuvajrtv.jpg\",\"articleSection\":[\"Matkailu\"],\"inLanguage\":\"fi\"},{\"@type\":\"WebPage\",\"@id\":\"https:\/\/jarviradio.fi\/tv\/kesakuu2022-matkalaisten-terveisia-ja-tunnelmia-jarviradion-kaari-matkojen-parnu-matkalta-jaska-makynen-ja-kaija-pohjola-mukana-matkassa\/\",\"url\":\"https:\/\/jarviradio.fi\/tv\/kesakuu2022-matkalaisten-terveisia-ja-tunnelmia-jarviradion-kaari-matkojen-parnu-matkalta-jaska-makynen-ja-kaija-pohjola-mukana-matkassa\/\",\"name\":\"Kes\u00e4kuu 2022 - Matkalaisten terveisi\u00e4 ja tunnelmia J\u00e4rviradion\/Kaari-Matkojen P\u00e4rnu matkalta - Jaska M\u00e4kynen ja Kaija Pohjola mukana matkassa - JRTV J\u00e4rviradio\",\"isPartOf\":{\"@id\":\"https:\/\/jarviradio.fi\/tv\/#website\"},\"primaryImageOfPage\":{\"@id\":\"https:\/\/jarviradio.fi\/tv\/kesakuu2022-matkalaisten-terveisia-ja-tunnelmia-jarviradion-kaari-matkojen-parnu-matkalta-jaska-makynen-ja-kaija-pohjola-mukana-matkassa\/#primaryimage\"},\"image\":{\"@id\":\"https:\/\/jarviradio.fi\/tv\/kesakuu2022-matkalaisten-terveisia-ja-tunnelmia-jarviradion-kaari-matkojen-parnu-matkalta-jaska-makynen-ja-kaija-pohjola-mukana-matkassa\/#primaryimage\"},\"thumbnailUrl\":\"https:\/\/jarviradio.fi\/tv\/wp-content\/uploads\/2022\/06\/panualkukuvajrtv.jpg\",\"datePublished\":\"2022-06-17T19:08:12+00:00\",\"dateModified\":\"2022-06-19T16:24:36+00:00\",\"breadcrumb\":{\"@id\":\"https:\/\/jarviradio.fi\/tv\/kesakuu2022-matkalaisten-terveisia-ja-tunnelmia-jarviradion-kaari-matkojen-parnu-matkalta-jaska-makynen-ja-kaija-pohjola-mukana-matkassa\/#breadcrumb\"},\"inLanguage\":\"fi\",\"potentialAction\":[{\"@type\":\"ReadAction\",\"target\":[\"https:\/\/jarviradio.fi\/tv\/kesakuu2022-matkalaisten-terveisia-ja-tunnelmia-jarviradion-kaari-matkojen-parnu-matkalta-jaska-makynen-ja-kaija-pohjola-mukana-matkassa\/\"]}]},{\"@type\":\"ImageObject\",\"inLanguage\":\"fi\",\"@id\":\"https:\/\/jarviradio.fi\/tv\/kesakuu2022-matkalaisten-terveisia-ja-tunnelmia-jarviradion-kaari-matkojen-parnu-matkalta-jaska-makynen-ja-kaija-pohjola-mukana-matkassa\/#primaryimage\",\"url\":\"https:\/\/jarviradio.fi\/tv\/wp-content\/uploads\/2022\/06\/panualkukuvajrtv.jpg\",\"contentUrl\":\"https:\/\/jarviradio.fi\/tv\/wp-content\/uploads\/2022\/06\/panualkukuvajrtv.jpg\",\"width\":1920,\"height\":1080},{\"@type\":\"BreadcrumbList\",\"@id\":\"https:\/\/jarviradio.fi\/tv\/kesakuu2022-matkalaisten-terveisia-ja-tunnelmia-jarviradion-kaari-matkojen-parnu-matkalta-jaska-makynen-ja-kaija-pohjola-mukana-matkassa\/#breadcrumb\",\"itemListElement\":[{\"@type\":\"ListItem\",\"position\":1,\"name\":\"Etusivu\",\"item\":\"https:\/\/jarviradio.fi\/tv\/\"},{\"@type\":\"ListItem\",\"position\":2,\"name\":\"Kes\u00e4kuu 2022 &#8211; Matkalaisten terveisi\u00e4 ja tunnelmia J\u00e4rviradion\/Kaari-Matkojen P\u00e4rnu matkalta &#8211; Jaska M\u00e4kynen ja Kaija Pohjola mukana matkassa\"}]},{\"@type\":\"WebSite\",\"@id\":\"https:\/\/jarviradio.fi\/tv\/#website\",\"url\":\"https:\/\/jarviradio.fi\/tv\/\",\"name\":\"JRTV J\u00e4rviradio\",\"description\":\"Persoonallisin radiokanava J\u00e4rviradio, valtaa alaa TV l\u00e4hetyksiss\u00e4\",\"publisher\":{\"@id\":\"https:\/\/jarviradio.fi\/tv\/#organization\"},\"potentialAction\":[{\"@type\":\"SearchAction\",\"target\":{\"@type\":\"EntryPoint\",\"urlTemplate\":\"https:\/\/jarviradio.fi\/tv\/?s={search_term_string}\"},\"query-input\":{\"@type\":\"PropertyValueSpecification\",\"valueRequired\":true,\"valueName\":\"search_term_string\"}}],\"inLanguage\":\"fi\"},{\"@type\":\"Organization\",\"@id\":\"https:\/\/jarviradio.fi\/tv\/#organization\",\"name\":\"JRTV J\u00e4rviradio\",\"url\":\"https:\/\/jarviradio.fi\/tv\/\",\"logo\":{\"@type\":\"ImageObject\",\"inLanguage\":\"fi\",\"@id\":\"https:\/\/jarviradio.fi\/tv\/#\/schema\/logo\/image\/\",\"url\":\"https:\/\/jarviradio.fi\/tv\/wp-content\/uploads\/2022\/01\/cropped-jrtv_nettisivulogo.png\",\"contentUrl\":\"https:\/\/jarviradio.fi\/tv\/wp-content\/uploads\/2022\/01\/cropped-jrtv_nettisivulogo.png\",\"width\":389,\"height\":51,\"caption\":\"JRTV J\u00e4rviradio\"},\"image\":{\"@id\":\"https:\/\/jarviradio.fi\/tv\/#\/schema\/logo\/image\/\"}},{\"@type\":\"Person\",\"@id\":\"https:\/\/jarviradio.fi\/tv\/#\/schema\/person\/6d4d4d247967b2ba0414e7b6cdc80823\",\"name\":\"JRTV team\",\"image\":{\"@type\":\"ImageObject\",\"inLanguage\":\"fi\",\"@id\":\"https:\/\/jarviradio.fi\/tv\/#\/schema\/person\/image\/\",\"url\":\"https:\/\/secure.gravatar.com\/avatar\/5e0074d2cd56116d60c7f8b0f513b4b120163421cbefa875ac59e50be4e90b86?s=96&d=mm&r=g\",\"contentUrl\":\"https:\/\/secure.gravatar.com\/avatar\/5e0074d2cd56116d60c7f8b0f513b4b120163421cbefa875ac59e50be4e90b86?s=96&d=mm&r=g\",\"caption\":\"JRTV team\"},\"url\":\"https:\/\/jarviradio.fi\/tv\/author\/aarno\/\"}]}<\/script>\n<!-- \/ Yoast SEO plugin. -->","yoast_head_json":{"title":"Kes\u00e4kuu 2022 - Matkalaisten terveisi\u00e4 ja tunnelmia J\u00e4rviradion\/Kaari-Matkojen P\u00e4rnu matkalta - Jaska M\u00e4kynen ja Kaija Pohjola mukana matkassa - JRTV J\u00e4rviradio","robots":{"index":"index","follow":"follow","max-snippet":"max-snippet:-1","max-image-preview":"max-image-preview:large","max-video-preview":"max-video-preview:-1"},"canonical":"https:\/\/jarviradio.fi\/tv\/kesakuu2022-matkalaisten-terveisia-ja-tunnelmia-jarviradion-kaari-matkojen-parnu-matkalta-jaska-makynen-ja-kaija-pohjola-mukana-matkassa\/","og_locale":"fi_FI","og_type":"article","og_title":"Kes\u00e4kuu 2022 - Matkalaisten terveisi\u00e4 ja tunnelmia J\u00e4rviradion\/Kaari-Matkojen P\u00e4rnu matkalta - Jaska M\u00e4kynen ja Kaija Pohjola mukana matkassa - JRTV J\u00e4rviradio","og_url":"https:\/\/jarviradio.fi\/tv\/kesakuu2022-matkalaisten-terveisia-ja-tunnelmia-jarviradion-kaari-matkojen-parnu-matkalta-jaska-makynen-ja-kaija-pohjola-mukana-matkassa\/","og_site_name":"JRTV J\u00e4rviradio","article_published_time":"2022-06-17T19:08:12+00:00","article_modified_time":"2022-06-19T16:24:36+00:00","og_image":[{"width":1920,"height":1080,"url":"https:\/\/jarviradio.fi\/tv\/wp-content\/uploads\/2022\/06\/panualkukuvajrtv.jpg","type":"image\/jpeg"}],"author":"JRTV team","twitter_card":"summary_large_image","twitter_misc":{"Kirjoittanut":"JRTV team","Arvioitu lukuaika":"1 minuutti"},"schema":{"@context":"https:\/\/schema.org","@graph":[{"@type":"Article","@id":"https:\/\/jarviradio.fi\/tv\/kesakuu2022-matkalaisten-terveisia-ja-tunnelmia-jarviradion-kaari-matkojen-parnu-matkalta-jaska-makynen-ja-kaija-pohjola-mukana-matkassa\/#article","isPartOf":{"@id":"https:\/\/jarviradio.fi\/tv\/kesakuu2022-matkalaisten-terveisia-ja-tunnelmia-jarviradion-kaari-matkojen-parnu-matkalta-jaska-makynen-ja-kaija-pohjola-mukana-matkassa\/"},"author":{"name":"JRTV team","@id":"https:\/\/jarviradio.fi\/tv\/#\/schema\/person\/6d4d4d247967b2ba0414e7b6cdc80823"},"headline":"Kes\u00e4kuu 2022 &#8211; Matkalaisten terveisi\u00e4 ja tunnelmia J\u00e4rviradion\/Kaari-Matkojen P\u00e4rnu matkalta &#8211; Jaska M\u00e4kynen ja Kaija Pohjola mukana matkassa","datePublished":"2022-06-17T19:08:12+00:00","dateModified":"2022-06-19T16:24:36+00:00","mainEntityOfPage":{"@id":"https:\/\/jarviradio.fi\/tv\/kesakuu2022-matkalaisten-terveisia-ja-tunnelmia-jarviradion-kaari-matkojen-parnu-matkalta-jaska-makynen-ja-kaija-pohjola-mukana-matkassa\/"},"wordCount":25,"publisher":{"@id":"https:\/\/jarviradio.fi\/tv\/#organization"},"image":{"@id":"https:\/\/jarviradio.fi\/tv\/kesakuu2022-matkalaisten-terveisia-ja-tunnelmia-jarviradion-kaari-matkojen-parnu-matkalta-jaska-makynen-ja-kaija-pohjola-mukana-matkassa\/#primaryimage"},"thumbnailUrl":"https:\/\/jarviradio.fi\/tv\/wp-content\/uploads\/2022\/06\/panualkukuvajrtv.jpg","articleSection":["Matkailu"],"inLanguage":"fi"},{"@type":"WebPage","@id":"https:\/\/jarviradio.fi\/tv\/kesakuu2022-matkalaisten-terveisia-ja-tunnelmia-jarviradion-kaari-matkojen-parnu-matkalta-jaska-makynen-ja-kaija-pohjola-mukana-matkassa\/","url":"https:\/\/jarviradio.fi\/tv\/kesakuu2022-matkalaisten-terveisia-ja-tunnelmia-jarviradion-kaari-matkojen-parnu-matkalta-jaska-makynen-ja-kaija-pohjola-mukana-matkassa\/","name":"Kes\u00e4kuu 2022 - Matkalaisten terveisi\u00e4 ja tunnelmia J\u00e4rviradion\/Kaari-Matkojen P\u00e4rnu matkalta - Jaska M\u00e4kynen ja Kaija Pohjola mukana matkassa - JRTV J\u00e4rviradio","isPartOf":{"@id":"https:\/\/jarviradio.fi\/tv\/#website"},"primaryImageOfPage":{"@id":"https:\/\/jarviradio.fi\/tv\/kesakuu2022-matkalaisten-terveisia-ja-tunnelmia-jarviradion-kaari-matkojen-parnu-matkalta-jaska-makynen-ja-kaija-pohjola-mukana-matkassa\/#primaryimage"},"image":{"@id":"https:\/\/jarviradio.fi\/tv\/kesakuu2022-matkalaisten-terveisia-ja-tunnelmia-jarviradion-kaari-matkojen-parnu-matkalta-jaska-makynen-ja-kaija-pohjola-mukana-matkassa\/#primaryimage"},"thumbnailUrl":"https:\/\/jarviradio.fi\/tv\/wp-content\/uploads\/2022\/06\/panualkukuvajrtv.jpg","datePublished":"2022-06-17T19:08:12+00:00","dateModified":"2022-06-19T16:24:36+00:00","breadcrumb":{"@id":"https:\/\/jarviradio.fi\/tv\/kesakuu2022-matkalaisten-terveisia-ja-tunnelmia-jarviradion-kaari-matkojen-parnu-matkalta-jaska-makynen-ja-kaija-pohjola-mukana-matkassa\/#breadcrumb"},"inLanguage":"fi","potentialAction":[{"@type":"ReadAction","target":["https:\/\/jarviradio.fi\/tv\/kesakuu2022-matkalaisten-terveisia-ja-tunnelmia-jarviradion-kaari-matkojen-parnu-matkalta-jaska-makynen-ja-kaija-pohjola-mukana-matkassa\/"]}]},{"@type":"ImageObject","inLanguage":"fi","@id":"https:\/\/jarviradio.fi\/tv\/kesakuu2022-matkalaisten-terveisia-ja-tunnelmia-jarviradion-kaari-matkojen-parnu-matkalta-jaska-makynen-ja-kaija-pohjola-mukana-matkassa\/#primaryimage","url":"https:\/\/jarviradio.fi\/tv\/wp-content\/uploads\/2022\/06\/panualkukuvajrtv.jpg","contentUrl":"https:\/\/jarviradio.fi\/tv\/wp-content\/uploads\/2022\/06\/panualkukuvajrtv.jpg","width":1920,"height":1080},{"@type":"BreadcrumbList","@id":"https:\/\/jarviradio.fi\/tv\/kesakuu2022-matkalaisten-terveisia-ja-tunnelmia-jarviradion-kaari-matkojen-parnu-matkalta-jaska-makynen-ja-kaija-pohjola-mukana-matkassa\/#breadcrumb","itemListElement":[{"@type":"ListItem","position":1,"name":"Etusivu","item":"https:\/\/jarviradio.fi\/tv\/"},{"@type":"ListItem","position":2,"name":"Kes\u00e4kuu 2022 &#8211; Matkalaisten terveisi\u00e4 ja tunnelmia J\u00e4rviradion\/Kaari-Matkojen P\u00e4rnu matkalta &#8211; Jaska M\u00e4kynen ja Kaija Pohjola mukana matkassa"}]},{"@type":"WebSite","@id":"https:\/\/jarviradio.fi\/tv\/#website","url":"https:\/\/jarviradio.fi\/tv\/","name":"JRTV J\u00e4rviradio","description":"Persoonallisin radiokanava J\u00e4rviradio, valtaa alaa TV l\u00e4hetyksiss\u00e4","publisher":{"@id":"https:\/\/jarviradio.fi\/tv\/#organization"},"potentialAction":[{"@type":"SearchAction","target":{"@type":"EntryPoint","urlTemplate":"https:\/\/jarviradio.fi\/tv\/?s={search_term_string}"},"query-input":{"@type":"PropertyValueSpecification","valueRequired":true,"valueName":"search_term_string"}}],"inLanguage":"fi"},{"@type":"Organization","@id":"https:\/\/jarviradio.fi\/tv\/#organization","name":"JRTV J\u00e4rviradio","url":"https:\/\/jarviradio.fi\/tv\/","logo":{"@type":"ImageObject","inLanguage":"fi","@id":"https:\/\/jarviradio.fi\/tv\/#\/schema\/logo\/image\/","url":"https:\/\/jarviradio.fi\/tv\/wp-content\/uploads\/2022\/01\/cropped-jrtv_nettisivulogo.png","contentUrl":"https:\/\/jarviradio.fi\/tv\/wp-content\/uploads\/2022\/01\/cropped-jrtv_nettisivulogo.png","width":389,"height":51,"caption":"JRTV J\u00e4rviradio"},"image":{"@id":"https:\/\/jarviradio.fi\/tv\/#\/schema\/logo\/image\/"}},{"@type":"Person","@id":"https:\/\/jarviradio.fi\/tv\/#\/schema\/person\/6d4d4d247967b2ba0414e7b6cdc80823","name":"JRTV team","image":{"@type":"ImageObject","inLanguage":"fi","@id":"https:\/\/jarviradio.fi\/tv\/#\/schema\/person\/image\/","url":"https:\/\/secure.gravatar.com\/avatar\/5e0074d2cd56116d60c7f8b0f513b4b120163421cbefa875ac59e50be4e90b86?s=96&d=mm&r=g","contentUrl":"https:\/\/secure.gravatar.com\/avatar\/5e0074d2cd56116d60c7f8b0f513b4b120163421cbefa875ac59e50be4e90b86?s=96&d=mm&r=g","caption":"JRTV team"},"url":"https:\/\/jarviradio.fi\/tv\/author\/aarno\/"}]}},"_links":{"self":[{"href":"https:\/\/jarviradio.fi\/tv\/wp-json\/wp\/v2\/posts\/771","targetHints":{"allow":["GET"]}}],"collection":[{"href":"https:\/\/jarviradio.fi\/tv\/wp-json\/wp\/v2\/posts"}],"about":[{"href":"https:\/\/jarviradio.fi\/tv\/wp-json\/wp\/v2\/types\/post"}],"author":[{"embeddable":true,"href":"https:\/\/jarviradio.fi\/tv\/wp-json\/wp\/v2\/users\/2"}],"replies":[{"embeddable":true,"href":"https:\/\/jarviradio.fi\/tv\/wp-json\/wp\/v2\/comments?post=771"}],"version-history":[{"count":7,"href":"https:\/\/jarviradio.fi\/tv\/wp-json\/wp\/v2\/posts\/771\/revisions"}],"predecessor-version":[{"id":814,"href":"https:\/\/jarviradio.fi\/tv\/wp-json\/wp\/v2\/posts\/771\/revisions\/814"}],"wp:featuredmedia":[{"embeddable":true,"href":"https:\/\/jarviradio.fi\/tv\/wp-json\/wp\/v2\/media\/815"}],"wp:attachment":[{"href":"https:\/\/jarviradio.fi\/tv\/wp-json\/wp\/v2\/media?parent=771"}],"wp:term":[{"taxonomy":"category","embeddable":true,"href":"https:\/\/jarviradio.fi\/tv\/wp-json\/wp\/v2\/categories?post=771"},{"taxonomy":"post_tag","embeddable":true,"href":"https:\/\/jarviradio.fi\/tv\/wp-json\/wp\/v2\/tags?post=771"}],"curies":[{"name":"wp","href":"https:\/\/api.w.org\/{rel}","templated":true}]}}