{"id":1187,"date":"2024-10-30T16:13:13","date_gmt":"2024-10-30T14:13:13","guid":{"rendered":"https:\/\/jarviradio.fi\/tv\/?p=1187"},"modified":"2024-10-31T07:48:21","modified_gmt":"2024-10-31T05:48:21","slug":"valtakunnalliset-metsapaivat-2024-uusi-puu-kilpailun-voittaja","status":"publish","type":"post","link":"https:\/\/jarviradio.fi\/tv\/valtakunnalliset-metsapaivat-2024-uusi-puu-kilpailun-voittaja\/","title":{"rendered":"Valtakunnalliset mets\u00e4p\u00e4iv\u00e4t 2024 &#8211; Uusi Puu kilpailun voittaja"},"content":{"rendered":"\n<figure class=\"wp-block-embed is-type-video is-provider-youtube wp-block-embed-youtube wp-embed-aspect-16-9 wp-has-aspect-ratio\"><div class=\"wp-block-embed__wrapper\">\n<iframe loading=\"lazy\" title=\"Valtakunnalliset mets\u00e4p\u00e4iv\u00e4t 2024 - Uusi Puu kilpailun voittaja\" width=\"1110\" height=\"624\" src=\"https:\/\/www.youtube.com\/embed\/9oTKVByxz_c?feature=oembed\" frameborder=\"0\" allow=\"accelerometer; autoplay; clipboard-write; encrypted-media; gyroscope; picture-in-picture; web-share\" referrerpolicy=\"strict-origin-when-cross-origin\" allowfullscreen><\/iframe>\n<\/div><\/figure>\n\n\n\n<p>Jari porttilan haastattelussa Uusi Puu Projektip\u00e4\u00e4llikk\u00f6 Virpi Korhonen kilpailun voittaneesta tuotteesta. Woamy on kehitt\u00e4nyt pakkausmarkkinoille muovittoman ja kierr\u00e4tett\u00e4v\u00e4n sellukuituisen vaahdon.<\/p>\n","protected":false},"excerpt":{"rendered":"<p>Jari porttilan haastattelussa Uusi Puu Projektip\u00e4\u00e4llikk\u00f6 Virpi Korhonen kilpailun voittaneesta tuotteesta. Woamy on kehitt\u00e4nyt pakkausmarkkinoille muovittoman ja kierr\u00e4tett\u00e4v\u00e4n sellukuituisen vaahdon.<\/p>\n","protected":false},"author":3,"featured_media":1188,"comment_status":"closed","ping_status":"closed","sticky":false,"template":"","format":"standard","meta":{"footnotes":""},"categories":[55],"tags":[],"class_list":["post-1187","post","type-post","status-publish","format-standard","has-post-thumbnail","hentry","category-haastattelut"],"yoast_head":"<!-- This site is optimized with the Yoast SEO plugin v26.4 - https:\/\/yoast.com\/wordpress\/plugins\/seo\/ -->\n<title>Valtakunnalliset mets\u00e4p\u00e4iv\u00e4t 2024 - Uusi Puu kilpailun voittaja - JRTV J\u00e4rviradio<\/title>\n<meta name=\"robots\" content=\"index, follow, max-snippet:-1, max-image-preview:large, max-video-preview:-1\" \/>\n<link rel=\"canonical\" href=\"https:\/\/jarviradio.fi\/tv\/valtakunnalliset-metsapaivat-2024-uusi-puu-kilpailun-voittaja\/\" \/>\n<meta property=\"og:locale\" content=\"fi_FI\" \/>\n<meta property=\"og:type\" content=\"article\" \/>\n<meta property=\"og:title\" content=\"Valtakunnalliset mets\u00e4p\u00e4iv\u00e4t 2024 - Uusi Puu kilpailun voittaja - JRTV J\u00e4rviradio\" \/>\n<meta property=\"og:description\" content=\"Jari porttilan haastattelussa Uusi Puu Projektip\u00e4\u00e4llikk\u00f6 Virpi Korhonen kilpailun voittaneesta tuotteesta. Woamy on kehitt\u00e4nyt pakkausmarkkinoille muovittoman ja kierr\u00e4tett\u00e4v\u00e4n sellukuituisen vaahdon.\" \/>\n<meta property=\"og:url\" content=\"https:\/\/jarviradio.fi\/tv\/valtakunnalliset-metsapaivat-2024-uusi-puu-kilpailun-voittaja\/\" \/>\n<meta property=\"og:site_name\" content=\"JRTV J\u00e4rviradio\" \/>\n<meta property=\"article:published_time\" content=\"2024-10-30T14:13:13+00:00\" \/>\n<meta property=\"article:modified_time\" content=\"2024-10-31T05:48:21+00:00\" \/>\n<meta property=\"og:image\" content=\"https:\/\/jarviradio.fi\/tv\/wp-content\/uploads\/2024\/10\/voittaja.png\" \/>\n\t<meta property=\"og:image:width\" content=\"1216\" \/>\n\t<meta property=\"og:image:height\" content=\"751\" \/>\n\t<meta property=\"og:image:type\" content=\"image\/png\" \/>\n<meta name=\"author\" content=\"JRTV\" \/>\n<meta name=\"twitter:card\" content=\"summary_large_image\" \/>\n<meta name=\"twitter:label1\" content=\"Kirjoittanut\" \/>\n\t<meta name=\"twitter:data1\" content=\"JRTV\" \/>\n\t<meta name=\"twitter:label2\" content=\"Arvioitu lukuaika\" \/>\n\t<meta name=\"twitter:data2\" content=\"1 minuutti\" \/>\n<script type=\"application\/ld+json\" class=\"yoast-schema-graph\">{\"@context\":\"https:\/\/schema.org\",\"@graph\":[{\"@type\":\"Article\",\"@id\":\"https:\/\/jarviradio.fi\/tv\/valtakunnalliset-metsapaivat-2024-uusi-puu-kilpailun-voittaja\/#article\",\"isPartOf\":{\"@id\":\"https:\/\/jarviradio.fi\/tv\/valtakunnalliset-metsapaivat-2024-uusi-puu-kilpailun-voittaja\/\"},\"author\":{\"name\":\"JRTV\",\"@id\":\"https:\/\/jarviradio.fi\/tv\/#\/schema\/person\/8279c2a42e0dad11ba14a478d5934377\"},\"headline\":\"Valtakunnalliset mets\u00e4p\u00e4iv\u00e4t 2024 &#8211; Uusi Puu kilpailun voittaja\",\"datePublished\":\"2024-10-30T14:13:13+00:00\",\"dateModified\":\"2024-10-31T05:48:21+00:00\",\"mainEntityOfPage\":{\"@id\":\"https:\/\/jarviradio.fi\/tv\/valtakunnalliset-metsapaivat-2024-uusi-puu-kilpailun-voittaja\/\"},\"wordCount\":40,\"publisher\":{\"@id\":\"https:\/\/jarviradio.fi\/tv\/#organization\"},\"image\":{\"@id\":\"https:\/\/jarviradio.fi\/tv\/valtakunnalliset-metsapaivat-2024-uusi-puu-kilpailun-voittaja\/#primaryimage\"},\"thumbnailUrl\":\"https:\/\/jarviradio.fi\/tv\/wp-content\/uploads\/2024\/10\/voittaja.png\",\"articleSection\":[\"Haastattelut\"],\"inLanguage\":\"fi\"},{\"@type\":\"WebPage\",\"@id\":\"https:\/\/jarviradio.fi\/tv\/valtakunnalliset-metsapaivat-2024-uusi-puu-kilpailun-voittaja\/\",\"url\":\"https:\/\/jarviradio.fi\/tv\/valtakunnalliset-metsapaivat-2024-uusi-puu-kilpailun-voittaja\/\",\"name\":\"Valtakunnalliset mets\u00e4p\u00e4iv\u00e4t 2024 - Uusi Puu kilpailun voittaja - JRTV J\u00e4rviradio\",\"isPartOf\":{\"@id\":\"https:\/\/jarviradio.fi\/tv\/#website\"},\"primaryImageOfPage\":{\"@id\":\"https:\/\/jarviradio.fi\/tv\/valtakunnalliset-metsapaivat-2024-uusi-puu-kilpailun-voittaja\/#primaryimage\"},\"image\":{\"@id\":\"https:\/\/jarviradio.fi\/tv\/valtakunnalliset-metsapaivat-2024-uusi-puu-kilpailun-voittaja\/#primaryimage\"},\"thumbnailUrl\":\"https:\/\/jarviradio.fi\/tv\/wp-content\/uploads\/2024\/10\/voittaja.png\",\"datePublished\":\"2024-10-30T14:13:13+00:00\",\"dateModified\":\"2024-10-31T05:48:21+00:00\",\"breadcrumb\":{\"@id\":\"https:\/\/jarviradio.fi\/tv\/valtakunnalliset-metsapaivat-2024-uusi-puu-kilpailun-voittaja\/#breadcrumb\"},\"inLanguage\":\"fi\",\"potentialAction\":[{\"@type\":\"ReadAction\",\"target\":[\"https:\/\/jarviradio.fi\/tv\/valtakunnalliset-metsapaivat-2024-uusi-puu-kilpailun-voittaja\/\"]}]},{\"@type\":\"ImageObject\",\"inLanguage\":\"fi\",\"@id\":\"https:\/\/jarviradio.fi\/tv\/valtakunnalliset-metsapaivat-2024-uusi-puu-kilpailun-voittaja\/#primaryimage\",\"url\":\"https:\/\/jarviradio.fi\/tv\/wp-content\/uploads\/2024\/10\/voittaja.png\",\"contentUrl\":\"https:\/\/jarviradio.fi\/tv\/wp-content\/uploads\/2024\/10\/voittaja.png\",\"width\":1216,\"height\":751},{\"@type\":\"BreadcrumbList\",\"@id\":\"https:\/\/jarviradio.fi\/tv\/valtakunnalliset-metsapaivat-2024-uusi-puu-kilpailun-voittaja\/#breadcrumb\",\"itemListElement\":[{\"@type\":\"ListItem\",\"position\":1,\"name\":\"Etusivu\",\"item\":\"https:\/\/jarviradio.fi\/tv\/\"},{\"@type\":\"ListItem\",\"position\":2,\"name\":\"Valtakunnalliset mets\u00e4p\u00e4iv\u00e4t 2024 &#8211; Uusi Puu kilpailun voittaja\"}]},{\"@type\":\"WebSite\",\"@id\":\"https:\/\/jarviradio.fi\/tv\/#website\",\"url\":\"https:\/\/jarviradio.fi\/tv\/\",\"name\":\"JRTV J\u00e4rviradio\",\"description\":\"Persoonallisin radiokanava J\u00e4rviradio, valtaa alaa TV l\u00e4hetyksiss\u00e4\",\"publisher\":{\"@id\":\"https:\/\/jarviradio.fi\/tv\/#organization\"},\"potentialAction\":[{\"@type\":\"SearchAction\",\"target\":{\"@type\":\"EntryPoint\",\"urlTemplate\":\"https:\/\/jarviradio.fi\/tv\/?s={search_term_string}\"},\"query-input\":{\"@type\":\"PropertyValueSpecification\",\"valueRequired\":true,\"valueName\":\"search_term_string\"}}],\"inLanguage\":\"fi\"},{\"@type\":\"Organization\",\"@id\":\"https:\/\/jarviradio.fi\/tv\/#organization\",\"name\":\"JRTV J\u00e4rviradio\",\"url\":\"https:\/\/jarviradio.fi\/tv\/\",\"logo\":{\"@type\":\"ImageObject\",\"inLanguage\":\"fi\",\"@id\":\"https:\/\/jarviradio.fi\/tv\/#\/schema\/logo\/image\/\",\"url\":\"https:\/\/jarviradio.fi\/tv\/wp-content\/uploads\/2022\/01\/cropped-jrtv_nettisivulogo.png\",\"contentUrl\":\"https:\/\/jarviradio.fi\/tv\/wp-content\/uploads\/2022\/01\/cropped-jrtv_nettisivulogo.png\",\"width\":389,\"height\":51,\"caption\":\"JRTV J\u00e4rviradio\"},\"image\":{\"@id\":\"https:\/\/jarviradio.fi\/tv\/#\/schema\/logo\/image\/\"}},{\"@type\":\"Person\",\"@id\":\"https:\/\/jarviradio.fi\/tv\/#\/schema\/person\/8279c2a42e0dad11ba14a478d5934377\",\"name\":\"JRTV\",\"image\":{\"@type\":\"ImageObject\",\"inLanguage\":\"fi\",\"@id\":\"https:\/\/jarviradio.fi\/tv\/#\/schema\/person\/image\/\",\"url\":\"https:\/\/secure.gravatar.com\/avatar\/a4c2ef8c3d303f11dd76d4c6652954ff70efcb7bf089ab114c0eefb974a0ec90?s=96&d=mm&r=g\",\"contentUrl\":\"https:\/\/secure.gravatar.com\/avatar\/a4c2ef8c3d303f11dd76d4c6652954ff70efcb7bf089ab114c0eefb974a0ec90?s=96&d=mm&r=g\",\"caption\":\"JRTV\"},\"url\":\"https:\/\/jarviradio.fi\/tv\/author\/jounijrtv\/\"}]}<\/script>\n<!-- \/ Yoast SEO plugin. -->","yoast_head_json":{"title":"Valtakunnalliset mets\u00e4p\u00e4iv\u00e4t 2024 - Uusi Puu kilpailun voittaja - JRTV J\u00e4rviradio","robots":{"index":"index","follow":"follow","max-snippet":"max-snippet:-1","max-image-preview":"max-image-preview:large","max-video-preview":"max-video-preview:-1"},"canonical":"https:\/\/jarviradio.fi\/tv\/valtakunnalliset-metsapaivat-2024-uusi-puu-kilpailun-voittaja\/","og_locale":"fi_FI","og_type":"article","og_title":"Valtakunnalliset mets\u00e4p\u00e4iv\u00e4t 2024 - Uusi Puu kilpailun voittaja - JRTV J\u00e4rviradio","og_description":"Jari porttilan haastattelussa Uusi Puu Projektip\u00e4\u00e4llikk\u00f6 Virpi Korhonen kilpailun voittaneesta tuotteesta. Woamy on kehitt\u00e4nyt pakkausmarkkinoille muovittoman ja kierr\u00e4tett\u00e4v\u00e4n sellukuituisen vaahdon.","og_url":"https:\/\/jarviradio.fi\/tv\/valtakunnalliset-metsapaivat-2024-uusi-puu-kilpailun-voittaja\/","og_site_name":"JRTV J\u00e4rviradio","article_published_time":"2024-10-30T14:13:13+00:00","article_modified_time":"2024-10-31T05:48:21+00:00","og_image":[{"width":1216,"height":751,"url":"https:\/\/jarviradio.fi\/tv\/wp-content\/uploads\/2024\/10\/voittaja.png","type":"image\/png"}],"author":"JRTV","twitter_card":"summary_large_image","twitter_misc":{"Kirjoittanut":"JRTV","Arvioitu lukuaika":"1 minuutti"},"schema":{"@context":"https:\/\/schema.org","@graph":[{"@type":"Article","@id":"https:\/\/jarviradio.fi\/tv\/valtakunnalliset-metsapaivat-2024-uusi-puu-kilpailun-voittaja\/#article","isPartOf":{"@id":"https:\/\/jarviradio.fi\/tv\/valtakunnalliset-metsapaivat-2024-uusi-puu-kilpailun-voittaja\/"},"author":{"name":"JRTV","@id":"https:\/\/jarviradio.fi\/tv\/#\/schema\/person\/8279c2a42e0dad11ba14a478d5934377"},"headline":"Valtakunnalliset mets\u00e4p\u00e4iv\u00e4t 2024 &#8211; Uusi Puu kilpailun voittaja","datePublished":"2024-10-30T14:13:13+00:00","dateModified":"2024-10-31T05:48:21+00:00","mainEntityOfPage":{"@id":"https:\/\/jarviradio.fi\/tv\/valtakunnalliset-metsapaivat-2024-uusi-puu-kilpailun-voittaja\/"},"wordCount":40,"publisher":{"@id":"https:\/\/jarviradio.fi\/tv\/#organization"},"image":{"@id":"https:\/\/jarviradio.fi\/tv\/valtakunnalliset-metsapaivat-2024-uusi-puu-kilpailun-voittaja\/#primaryimage"},"thumbnailUrl":"https:\/\/jarviradio.fi\/tv\/wp-content\/uploads\/2024\/10\/voittaja.png","articleSection":["Haastattelut"],"inLanguage":"fi"},{"@type":"WebPage","@id":"https:\/\/jarviradio.fi\/tv\/valtakunnalliset-metsapaivat-2024-uusi-puu-kilpailun-voittaja\/","url":"https:\/\/jarviradio.fi\/tv\/valtakunnalliset-metsapaivat-2024-uusi-puu-kilpailun-voittaja\/","name":"Valtakunnalliset mets\u00e4p\u00e4iv\u00e4t 2024 - Uusi Puu kilpailun voittaja - JRTV J\u00e4rviradio","isPartOf":{"@id":"https:\/\/jarviradio.fi\/tv\/#website"},"primaryImageOfPage":{"@id":"https:\/\/jarviradio.fi\/tv\/valtakunnalliset-metsapaivat-2024-uusi-puu-kilpailun-voittaja\/#primaryimage"},"image":{"@id":"https:\/\/jarviradio.fi\/tv\/valtakunnalliset-metsapaivat-2024-uusi-puu-kilpailun-voittaja\/#primaryimage"},"thumbnailUrl":"https:\/\/jarviradio.fi\/tv\/wp-content\/uploads\/2024\/10\/voittaja.png","datePublished":"2024-10-30T14:13:13+00:00","dateModified":"2024-10-31T05:48:21+00:00","breadcrumb":{"@id":"https:\/\/jarviradio.fi\/tv\/valtakunnalliset-metsapaivat-2024-uusi-puu-kilpailun-voittaja\/#breadcrumb"},"inLanguage":"fi","potentialAction":[{"@type":"ReadAction","target":["https:\/\/jarviradio.fi\/tv\/valtakunnalliset-metsapaivat-2024-uusi-puu-kilpailun-voittaja\/"]}]},{"@type":"ImageObject","inLanguage":"fi","@id":"https:\/\/jarviradio.fi\/tv\/valtakunnalliset-metsapaivat-2024-uusi-puu-kilpailun-voittaja\/#primaryimage","url":"https:\/\/jarviradio.fi\/tv\/wp-content\/uploads\/2024\/10\/voittaja.png","contentUrl":"https:\/\/jarviradio.fi\/tv\/wp-content\/uploads\/2024\/10\/voittaja.png","width":1216,"height":751},{"@type":"BreadcrumbList","@id":"https:\/\/jarviradio.fi\/tv\/valtakunnalliset-metsapaivat-2024-uusi-puu-kilpailun-voittaja\/#breadcrumb","itemListElement":[{"@type":"ListItem","position":1,"name":"Etusivu","item":"https:\/\/jarviradio.fi\/tv\/"},{"@type":"ListItem","position":2,"name":"Valtakunnalliset mets\u00e4p\u00e4iv\u00e4t 2024 &#8211; Uusi Puu kilpailun voittaja"}]},{"@type":"WebSite","@id":"https:\/\/jarviradio.fi\/tv\/#website","url":"https:\/\/jarviradio.fi\/tv\/","name":"JRTV J\u00e4rviradio","description":"Persoonallisin radiokanava J\u00e4rviradio, valtaa alaa TV l\u00e4hetyksiss\u00e4","publisher":{"@id":"https:\/\/jarviradio.fi\/tv\/#organization"},"potentialAction":[{"@type":"SearchAction","target":{"@type":"EntryPoint","urlTemplate":"https:\/\/jarviradio.fi\/tv\/?s={search_term_string}"},"query-input":{"@type":"PropertyValueSpecification","valueRequired":true,"valueName":"search_term_string"}}],"inLanguage":"fi"},{"@type":"Organization","@id":"https:\/\/jarviradio.fi\/tv\/#organization","name":"JRTV J\u00e4rviradio","url":"https:\/\/jarviradio.fi\/tv\/","logo":{"@type":"ImageObject","inLanguage":"fi","@id":"https:\/\/jarviradio.fi\/tv\/#\/schema\/logo\/image\/","url":"https:\/\/jarviradio.fi\/tv\/wp-content\/uploads\/2022\/01\/cropped-jrtv_nettisivulogo.png","contentUrl":"https:\/\/jarviradio.fi\/tv\/wp-content\/uploads\/2022\/01\/cropped-jrtv_nettisivulogo.png","width":389,"height":51,"caption":"JRTV J\u00e4rviradio"},"image":{"@id":"https:\/\/jarviradio.fi\/tv\/#\/schema\/logo\/image\/"}},{"@type":"Person","@id":"https:\/\/jarviradio.fi\/tv\/#\/schema\/person\/8279c2a42e0dad11ba14a478d5934377","name":"JRTV","image":{"@type":"ImageObject","inLanguage":"fi","@id":"https:\/\/jarviradio.fi\/tv\/#\/schema\/person\/image\/","url":"https:\/\/secure.gravatar.com\/avatar\/a4c2ef8c3d303f11dd76d4c6652954ff70efcb7bf089ab114c0eefb974a0ec90?s=96&d=mm&r=g","contentUrl":"https:\/\/secure.gravatar.com\/avatar\/a4c2ef8c3d303f11dd76d4c6652954ff70efcb7bf089ab114c0eefb974a0ec90?s=96&d=mm&r=g","caption":"JRTV"},"url":"https:\/\/jarviradio.fi\/tv\/author\/jounijrtv\/"}]}},"_links":{"self":[{"href":"https:\/\/jarviradio.fi\/tv\/wp-json\/wp\/v2\/posts\/1187","targetHints":{"allow":["GET"]}}],"collection":[{"href":"https:\/\/jarviradio.fi\/tv\/wp-json\/wp\/v2\/posts"}],"about":[{"href":"https:\/\/jarviradio.fi\/tv\/wp-json\/wp\/v2\/types\/post"}],"author":[{"embeddable":true,"href":"https:\/\/jarviradio.fi\/tv\/wp-json\/wp\/v2\/users\/3"}],"replies":[{"embeddable":true,"href":"https:\/\/jarviradio.fi\/tv\/wp-json\/wp\/v2\/comments?post=1187"}],"version-history":[{"count":2,"href":"https:\/\/jarviradio.fi\/tv\/wp-json\/wp\/v2\/posts\/1187\/revisions"}],"predecessor-version":[{"id":1194,"href":"https:\/\/jarviradio.fi\/tv\/wp-json\/wp\/v2\/posts\/1187\/revisions\/1194"}],"wp:featuredmedia":[{"embeddable":true,"href":"https:\/\/jarviradio.fi\/tv\/wp-json\/wp\/v2\/media\/1188"}],"wp:attachment":[{"href":"https:\/\/jarviradio.fi\/tv\/wp-json\/wp\/v2\/media?parent=1187"}],"wp:term":[{"taxonomy":"category","embeddable":true,"href":"https:\/\/jarviradio.fi\/tv\/wp-json\/wp\/v2\/categories?post=1187"},{"taxonomy":"post_tag","embeddable":true,"href":"https:\/\/jarviradio.fi\/tv\/wp-json\/wp\/v2\/tags?post=1187"}],"curies":[{"name":"wp","href":"https:\/\/api.w.org\/{rel}","templated":true}]}}